{"id":16233,"date":"2020-02-12T17:04:44","date_gmt":"2020-02-12T16:04:44","guid":{"rendered":"https:\/\/flanca.si\/pocetak-rada-u-vrtu\/"},"modified":"2025-01-14T10:40:00","modified_gmt":"2025-01-14T09:40:00","slug":"pocetak-rada-u-vrtu","status":"publish","type":"post","link":"https:\/\/flanca.si\/hr\/pocetak-rada-u-vrtu\/","title":{"rendered":"Po\u010detak rada u vrtu"},"content":{"rendered":"\n<p class=\"wp-block-paragraph\">Unato\u010d ovogodi\u0161njoj ne\u0161to bla\u017eoj zimi, tlo se ve\u0107 donekle odmorilo. Morat \u0107emo se polako pripremati za novu sezonu.   <\/p>\n\n<p class=\"wp-block-paragraph\">Sigurno mnogi ljudi ve\u0107 imaju posude s prvom sjetvom ove godine na prozorskoj dasci. Me\u0111utim, pro\u0107i \u0107e jo\u0161 neko vrijeme prije nego \u0161to krenemo raditi i na otvorenom. <\/p>\n\n<h2 class=\"wp-block-heading\">Priprema tla za vrt<\/h2>\n\n<p class=\"wp-block-paragraph\">Naju\u010dinkovitije je pripremiti vrt u jesen. Me\u0111utim, sve nas je vi\u0161e kojima jednostavno ponestane vremena na jesen i moramo to u\u010diniti u rano prolje\u0107e. Ako vrt zapo\u010dnemo pripremati na prolje\u0107e, najbolje je zapo\u010deti s pospremanjem vrta. Uklanjamo mrtve biljne ostatke koji su ostali u vrtu iz prethodne sezone, uklanjamo ve\u0107i organski otpad (grane, li\u0161\u0107e,&#8230;) koji je mo\u017eda u\u0161ao u vrt preko zime. Zatim vrt na odgovaraju\u0107i na\u010din oplodite organskim gnojivom. To mo\u017ee biti kompost, umjetno organsko gnojivo, istro\u0161eni gnoj ili bilo koje drugo gnojivo.     <br\/> <br\/>  Va\u017eno je zatim plitko zakopati organsko gnojivo kako bi se pomije\u0161alo s tlom, \u010dime se osigurava plodno tlo. Nakon \u0161to smo iskopali i gnojili, ve\u0107 moramo razmi\u0161ljati o tome gdje \u0107emo u vrtu saditi, kakvo povr\u0107e. Razli\u010dite skupine povr\u0107a imaju razli\u010dite potrebe za hranjivim tvarima.    <br\/><\/p>\n\n<p class=\"wp-block-paragraph\">  Na ne\u0161to bolje oplo\u0111enom krevetu prikladnije je saditi povr\u0107e iz plodne skupine, poput raj\u010dice, paprike, krastavaca, bundeve, dinje, lubenica, dok kupus, \u0161pinat, korijenski usjevi, lukovice,&#8230; mo\u017ee se saditi na blago svibanjskom tlu s hranjivim tvarima.<\/p>\n\n<p class=\"wp-block-paragraph\">Plodno tlo u vrtu je tlo bogato hranjivim tvarima koje su potrebne za rast biljaka i biljke ih najlak\u0161e apsorbiraju. Humus kao gnojivo predstavlja organsku tvar koju su ve\u0107 razgradili korisni mikroorganizmi. I kao takav, lak\u0161e je dostupan biljkama u tlu.  <br\/> <br\/>Nakon \u0161to gredice pravilno pripremimo, mo\u017eemo napraviti vlastiti plan sadnje za novu sezonu. Niste to u\u010dinili tako lako kao ove godine. Samo sjednite u fotelju, kliknite na <strong><a href=\"\">flanca.si<\/a> <\/strong>i naru\u010dite danas u na\u0161oj internetskoj trgovini \u0161to \u0107ete sutra posaditi u svom vrtu. Mo\u017eete nas posjetiti i u na\u0161em rasadniku u <strong><a rel=\"\" aria-label=\"\" href=\"\" target=\"\">Voglju, kraj \u0160en\u010dura.<\/a> <\/strong>    <\/p>\n\n<p class=\"wp-block-paragraph\">Napravite dobar plan kako biste u svom vrtu mogli uzgajati puno raznolikog, visokokvalitetnog povr\u0107a.<\/p>\n","protected":false},"excerpt":{"rendered":"<p>Unato\u010d ovogodi\u0161njoj ne\u0161to bla\u017eoj zimi, tlo se ve\u0107 donekle odmorilo. Morat \u0107emo se polako pripremati za novu sezonu. Sigurno mnogi ljudi ve\u0107 imaju posude s prvom sjetvom ove godine na prozorskoj dasci. Me\u0111utim, pro\u0107i \u0107e jo\u0161 neko vrijeme prije nego \u0161to krenemo raditi i na otvorenom. Priprema tla za vrt [&hellip;]<\/p>\n","protected":false},"author":3,"featured_media":16234,"comment_status":"closed","ping_status":"open","sticky":false,"template":"","format":"standard","meta":{"site-sidebar-layout":"default","site-content-layout":"default","ast-site-content-layout":"default","site-content-style":"default","site-sidebar-style":"default","ast-global-header-display":"","ast-banner-title-visibility":"","ast-main-header-display":"","ast-hfb-above-header-display":"","ast-hfb-below-header-display":"","ast-hfb-mobile-header-display":"","site-post-title":"","ast-breadcrumbs-content":"","ast-featured-img":"","footer-sml-layout":"","ast-disable-related-posts":"","theme-transparent-header-meta":"default","adv-header-id-meta":"","stick-header-meta":"default","header-above-stick-meta":"","header-main-stick-meta":"","header-below-stick-meta":"","astra-migrate-meta-layouts":"default","ast-page-background-enabled":"default","ast-page-background-meta":{"desktop":{"background-color":"","background-image":"","background-repeat":"repeat","background-position":"center center","background-size":"auto","background-attachment":"scroll","background-type":"","background-media":"","overlay-type":"","overlay-color":"","overlay-opacity":"","overlay-gradient":""},"tablet":{"background-color":"","background-image":"","background-repeat":"repeat","background-position":"center center","background-size":"auto","background-attachment":"scroll","background-type":"","background-media":"","overlay-type":"","overlay-color":"","overlay-opacity":"","overlay-gradient":""},"mobile":{"background-color":"","background-image":"","background-repeat":"repeat","background-position":"center center","background-size":"auto","background-attachment":"scroll","background-type":"","background-media":"","overlay-type":"","overlay-color":"","overlay-opacity":"","overlay-gradient":""}},"ast-content-background-meta":{"desktop":{"background-color":"var(--ast-global-color-5)","background-image":"","background-repeat":"repeat","background-position":"center center","background-size":"auto","background-attachment":"scroll","background-type":"","background-media":"","overlay-type":"","overlay-color":"","overlay-opacity":"","overlay-gradient":""},"tablet":{"background-color":"var(--ast-global-color-5)","background-image":"","background-repeat":"repeat","background-position":"center center","background-size":"auto","background-attachment":"scroll","background-type":"","background-media":"","overlay-type":"","overlay-color":"","overlay-opacity":"","overlay-gradient":""},"mobile":{"background-color":"var(--ast-global-color-5)","background-image":"","background-repeat":"repeat","background-position":"center center","background-size":"auto","background-attachment":"scroll","background-type":"","background-media":"","overlay-type":"","overlay-color":"","overlay-opacity":"","overlay-gradient":""}},"footnotes":""},"categories":[1737],"tags":[1747,1751,1750],"class_list":["post-16233","post","type-post","status-publish","format-standard","has-post-thumbnail","hentry","category-vrt-hr","tag-kucni-vrt","tag-priprema-vrta","tag-vrt-u-proljece"],"aioseo_notices":[],"aioseo_head":"\n\t\t<!-- All in One SEO 5.0.1.1 - aioseo.com -->\n\t<meta name=\"description\" content=\"Unato\u010d ovogodi\u0161njoj ne\u0161to bla\u017eoj zimi, tlo se ve\u0107 donekle odmorilo. Morat \u0107emo se polako pripremati za novu sezonu. Sigurno mnogi ljudi ve\u0107 imaju posude s prvom sjetvom ove godine na prozorskoj dasci. Me\u0111utim, pro\u0107i \u0107e jo\u0161 neko vrijeme prije nego \u0161to krenemo raditi i na otvorenom. Priprema tla za vrt Naju\u010dinkovitije je pripremiti vrt u\" \/>\n\t<meta name=\"robots\" content=\"max-image-preview:large\" \/>\n\t<meta name=\"author\" content=\"Jana Globo\u010dnik\"\/>\n\t<meta name=\"google-site-verification\" content=\"1sO6GOIbhijVyOhvBZZbOsEVADo4T9w2a7D2KDR6zVI\" \/>\n\t<link rel=\"canonical\" href=\"https:\/\/flanca.si\/hr\/pocetak-rada-u-vrtu\/\" \/>\n\t<meta name=\"generator\" content=\"All in One SEO (AIOSEO) 5.0.1.1\" \/>\n\t\t<meta property=\"og:locale\" content=\"hr_HR\" \/>\n\t\t<meta property=\"og:site_name\" content=\"vrtne sadike FLANCA \u2013 Prodaja vrtnih sadik in ostale opreme\" \/>\n\t\t<meta property=\"og:type\" content=\"article\" \/>\n\t\t<meta property=\"og:title\" content=\"Po\u010detak rada u vrtu \u2013 vrtne sadike FLANCA\" \/>\n\t\t<meta property=\"og:description\" content=\"Unato\u010d ovogodi\u0161njoj ne\u0161to bla\u017eoj zimi, tlo se ve\u0107 donekle odmorilo. Morat \u0107emo se polako pripremati za novu sezonu. Sigurno mnogi ljudi ve\u0107 imaju posude s prvom sjetvom ove godine na prozorskoj dasci. Me\u0111utim, pro\u0107i \u0107e jo\u0161 neko vrijeme prije nego \u0161to krenemo raditi i na otvorenom. Priprema tla za vrt Naju\u010dinkovitije je pripremiti vrt u\" \/>\n\t\t<meta property=\"og:url\" content=\"https:\/\/flanca.si\/hr\/pocetak-rada-u-vrtu\/\" \/>\n\t\t<meta property=\"og:image\" content=\"https:\/\/flanca.si\/wp-content\/uploads\/2019\/11\/spletna-trgovina-s-sadikami-flanca.png\" \/>\n\t\t<meta property=\"og:image:secure_url\" content=\"https:\/\/flanca.si\/wp-content\/uploads\/2019\/11\/spletna-trgovina-s-sadikami-flanca.png\" \/>\n\t\t<meta property=\"article:published_time\" content=\"2020-02-12T16:04:44+00:00\" \/>\n\t\t<meta property=\"article:modified_time\" content=\"2025-01-14T09:40:00+00:00\" \/>\n\t\t<meta name=\"twitter:card\" content=\"summary_large_image\" \/>\n\t\t<meta name=\"twitter:title\" content=\"Po\u010detak rada u vrtu \u2013 vrtne sadike FLANCA\" \/>\n\t\t<meta name=\"twitter:description\" content=\"Unato\u010d ovogodi\u0161njoj ne\u0161to bla\u017eoj zimi, tlo se ve\u0107 donekle odmorilo. Morat \u0107emo se polako pripremati za novu sezonu. Sigurno mnogi ljudi ve\u0107 imaju posude s prvom sjetvom ove godine na prozorskoj dasci. Me\u0111utim, pro\u0107i \u0107e jo\u0161 neko vrijeme prije nego \u0161to krenemo raditi i na otvorenom. Priprema tla za vrt Naju\u010dinkovitije je pripremiti vrt u\" \/>\n\t\t<meta name=\"twitter:image\" content=\"https:\/\/flanca.si\/wp-content\/uploads\/2019\/11\/spletna-trgovina-s-sadikami-flanca.png\" \/>\n\t\t<script type=\"application\/ld+json\" class=\"aioseo-schema\">\n\t\t\t{\"@context\":\"https:\\\/\\\/schema.org\",\"@graph\":[{\"@type\":\"BlogPosting\",\"@id\":\"https:\\\/\\\/flanca.si\\\/hr\\\/pocetak-rada-u-vrtu\\\/#blogposting\",\"name\":\"Po\\u010detak rada u vrtu \\u2013 vrtne sadike FLANCA\",\"headline\":\"Po\\u010detak rada u vrtu\",\"author\":{\"@id\":\"https:\\\/\\\/flanca.si\\\/hr\\\/author\\\/jana\\\/#author\"},\"publisher\":{\"@id\":\"https:\\\/\\\/flanca.si\\\/hr\\\/#organization\"},\"image\":{\"@type\":\"ImageObject\",\"url\":\"https:\\\/\\\/flanca.si\\\/wp-content\\\/uploads\\\/2020\\\/02\\\/bliza-se-nova-sezona.jpg\",\"width\":844,\"height\":980},\"datePublished\":\"2020-02-12T17:04:44+01:00\",\"dateModified\":\"2025-01-14T10:40:00+01:00\",\"inLanguage\":\"hr\",\"mainEntityOfPage\":{\"@id\":\"https:\\\/\\\/flanca.si\\\/hr\\\/pocetak-rada-u-vrtu\\\/#webpage\"},\"isPartOf\":{\"@id\":\"https:\\\/\\\/flanca.si\\\/hr\\\/pocetak-rada-u-vrtu\\\/#webpage\"},\"articleSection\":\"vrt, Ku\\u0107ni vrt, Priprema vrta, Vrt u prolje\\u0107e\"},{\"@type\":\"BreadcrumbList\",\"@id\":\"https:\\\/\\\/flanca.si\\\/hr\\\/pocetak-rada-u-vrtu\\\/#breadcrumblist\",\"itemListElement\":[{\"@type\":\"ListItem\",\"@id\":\"https:\\\/\\\/flanca.si\\\/hr\\\/#listItem\",\"position\":1,\"name\":\"Domov\",\"item\":\"https:\\\/\\\/flanca.si\\\/hr\\\/\",\"nextItem\":{\"@type\":\"ListItem\",\"@id\":\"https:\\\/\\\/flanca.si\\\/hr\\\/category\\\/vrt-hr\\\/#listItem\",\"name\":\"vrt\"}},{\"@type\":\"ListItem\",\"@id\":\"https:\\\/\\\/flanca.si\\\/hr\\\/category\\\/vrt-hr\\\/#listItem\",\"position\":2,\"name\":\"vrt\",\"item\":\"https:\\\/\\\/flanca.si\\\/hr\\\/category\\\/vrt-hr\\\/\",\"nextItem\":{\"@type\":\"ListItem\",\"@id\":\"https:\\\/\\\/flanca.si\\\/hr\\\/pocetak-rada-u-vrtu\\\/#listItem\",\"name\":\"Po\\u010detak rada u vrtu\"},\"previousItem\":{\"@type\":\"ListItem\",\"@id\":\"https:\\\/\\\/flanca.si\\\/hr\\\/#listItem\",\"name\":\"Domov\"}},{\"@type\":\"ListItem\",\"@id\":\"https:\\\/\\\/flanca.si\\\/hr\\\/pocetak-rada-u-vrtu\\\/#listItem\",\"position\":3,\"name\":\"Po\\u010detak rada u vrtu\",\"previousItem\":{\"@type\":\"ListItem\",\"@id\":\"https:\\\/\\\/flanca.si\\\/hr\\\/category\\\/vrt-hr\\\/#listItem\",\"name\":\"vrt\"}}]},{\"@type\":\"Organization\",\"@id\":\"https:\\\/\\\/flanca.si\\\/hr\\\/#organization\",\"name\":\"vrtne sadike FLANCA\",\"description\":\"Prodaja vrtnih sadik in ostale opreme\",\"url\":\"https:\\\/\\\/flanca.si\\\/hr\\\/\",\"logo\":{\"@type\":\"ImageObject\",\"url\":\"https:\\\/\\\/flanca.si\\\/wp-content\\\/uploads\\\/2019\\\/11\\\/spletna-trgovina-s-sadikami-flanca.png\",\"@id\":\"https:\\\/\\\/flanca.si\\\/hr\\\/pocetak-rada-u-vrtu\\\/#organizationLogo\",\"width\":151,\"height\":50,\"caption\":\"spletna trgovina s sadikami FLANCA\"},\"image\":{\"@id\":\"https:\\\/\\\/flanca.si\\\/hr\\\/pocetak-rada-u-vrtu\\\/#organizationLogo\"}},{\"@type\":\"Person\",\"@id\":\"https:\\\/\\\/flanca.si\\\/hr\\\/author\\\/jana\\\/#author\",\"url\":\"https:\\\/\\\/flanca.si\\\/hr\\\/author\\\/jana\\\/\",\"name\":\"Jana Globo\\u010dnik\",\"image\":{\"@type\":\"ImageObject\",\"@id\":\"https:\\\/\\\/flanca.si\\\/hr\\\/pocetak-rada-u-vrtu\\\/#authorImage\",\"url\":\"https:\\\/\\\/flanca.si\\\/wp-content\\\/litespeed\\\/avatar\\\/82d8a3f6e7b669e4fbb18755fd8d5c5c.jpg?ver=1788548908\",\"width\":96,\"height\":96,\"caption\":\"Jana Globo\\u010dnik\"}},{\"@type\":\"WebPage\",\"@id\":\"https:\\\/\\\/flanca.si\\\/hr\\\/pocetak-rada-u-vrtu\\\/#webpage\",\"url\":\"https:\\\/\\\/flanca.si\\\/hr\\\/pocetak-rada-u-vrtu\\\/\",\"name\":\"Po\\u010detak rada u vrtu \\u2013 vrtne sadike FLANCA\",\"description\":\"Unato\\u010d ovogodi\\u0161njoj ne\\u0161to bla\\u017eoj zimi, tlo se ve\\u0107 donekle odmorilo. Morat \\u0107emo se polako pripremati za novu sezonu. Sigurno mnogi ljudi ve\\u0107 imaju posude s prvom sjetvom ove godine na prozorskoj dasci. Me\\u0111utim, pro\\u0107i \\u0107e jo\\u0161 neko vrijeme prije nego \\u0161to krenemo raditi i na otvorenom. Priprema tla za vrt Naju\\u010dinkovitije je pripremiti vrt u\",\"inLanguage\":\"hr\",\"isPartOf\":{\"@id\":\"https:\\\/\\\/flanca.si\\\/hr\\\/#website\"},\"breadcrumb\":{\"@id\":\"https:\\\/\\\/flanca.si\\\/hr\\\/pocetak-rada-u-vrtu\\\/#breadcrumblist\"},\"author\":{\"@id\":\"https:\\\/\\\/flanca.si\\\/hr\\\/author\\\/jana\\\/#author\"},\"creator\":{\"@id\":\"https:\\\/\\\/flanca.si\\\/hr\\\/author\\\/jana\\\/#author\"},\"image\":{\"@type\":\"ImageObject\",\"url\":\"https:\\\/\\\/flanca.si\\\/wp-content\\\/uploads\\\/2020\\\/02\\\/bliza-se-nova-sezona.jpg\",\"@id\":\"https:\\\/\\\/flanca.si\\\/hr\\\/pocetak-rada-u-vrtu\\\/#mainImage\",\"width\":844,\"height\":980},\"primaryImageOfPage\":{\"@id\":\"https:\\\/\\\/flanca.si\\\/hr\\\/pocetak-rada-u-vrtu\\\/#mainImage\"},\"datePublished\":\"2020-02-12T17:04:44+01:00\",\"dateModified\":\"2025-01-14T10:40:00+01:00\"},{\"@type\":\"WebSite\",\"@id\":\"https:\\\/\\\/flanca.si\\\/hr\\\/#website\",\"url\":\"https:\\\/\\\/flanca.si\\\/hr\\\/\",\"name\":\"vrtne sadike FLANCA\",\"description\":\"Prodaja vrtnih sadik in ostale opreme\",\"inLanguage\":\"hr\",\"publisher\":{\"@id\":\"https:\\\/\\\/flanca.si\\\/hr\\\/#organization\"}}]}\n\t\t<\/script>\n\t\t<!-- All in One SEO -->\n\n","aioseo_head_json":{"title":"Po\u010detak rada u vrtu \u2013 vrtne sadike FLANCA","description":"Unato\u010d ovogodi\u0161njoj ne\u0161to bla\u017eoj zimi, tlo se ve\u0107 donekle odmorilo. Morat \u0107emo se polako pripremati za novu sezonu. Sigurno mnogi ljudi ve\u0107 imaju posude s prvom sjetvom ove godine na prozorskoj dasci. Me\u0111utim, pro\u0107i \u0107e jo\u0161 neko vrijeme prije nego \u0161to krenemo raditi i na otvorenom. Priprema tla za vrt Naju\u010dinkovitije je pripremiti vrt u","canonical_url":"https:\/\/flanca.si\/hr\/pocetak-rada-u-vrtu\/","robots":"max-image-preview:large","keywords":"","webmasterTools":{"google-site-verification":"1sO6GOIbhijVyOhvBZZbOsEVADo4T9w2a7D2KDR6zVI","miscellaneous":""},"schema":{"@context":"https:\/\/schema.org","@graph":[{"@type":"BlogPosting","@id":"https:\/\/flanca.si\/hr\/pocetak-rada-u-vrtu\/#blogposting","name":"Po\u010detak rada u vrtu \u2013 vrtne sadike FLANCA","headline":"Po\u010detak rada u vrtu","author":{"@id":"https:\/\/flanca.si\/hr\/author\/jana\/#author"},"publisher":{"@id":"https:\/\/flanca.si\/hr\/#organization"},"image":{"@type":"ImageObject","url":"https:\/\/flanca.si\/wp-content\/uploads\/2020\/02\/bliza-se-nova-sezona.jpg","width":844,"height":980},"datePublished":"2020-02-12T17:04:44+01:00","dateModified":"2025-01-14T10:40:00+01:00","inLanguage":"hr","mainEntityOfPage":{"@id":"https:\/\/flanca.si\/hr\/pocetak-rada-u-vrtu\/#webpage"},"isPartOf":{"@id":"https:\/\/flanca.si\/hr\/pocetak-rada-u-vrtu\/#webpage"},"articleSection":"vrt, Ku\u0107ni vrt, Priprema vrta, Vrt u prolje\u0107e"},{"@type":"BreadcrumbList","@id":"https:\/\/flanca.si\/hr\/pocetak-rada-u-vrtu\/#breadcrumblist","itemListElement":[{"@type":"ListItem","@id":"https:\/\/flanca.si\/hr\/#listItem","position":1,"name":"Domov","item":"https:\/\/flanca.si\/hr\/","nextItem":{"@type":"ListItem","@id":"https:\/\/flanca.si\/hr\/category\/vrt-hr\/#listItem","name":"vrt"}},{"@type":"ListItem","@id":"https:\/\/flanca.si\/hr\/category\/vrt-hr\/#listItem","position":2,"name":"vrt","item":"https:\/\/flanca.si\/hr\/category\/vrt-hr\/","nextItem":{"@type":"ListItem","@id":"https:\/\/flanca.si\/hr\/pocetak-rada-u-vrtu\/#listItem","name":"Po\u010detak rada u vrtu"},"previousItem":{"@type":"ListItem","@id":"https:\/\/flanca.si\/hr\/#listItem","name":"Domov"}},{"@type":"ListItem","@id":"https:\/\/flanca.si\/hr\/pocetak-rada-u-vrtu\/#listItem","position":3,"name":"Po\u010detak rada u vrtu","previousItem":{"@type":"ListItem","@id":"https:\/\/flanca.si\/hr\/category\/vrt-hr\/#listItem","name":"vrt"}}]},{"@type":"Organization","@id":"https:\/\/flanca.si\/hr\/#organization","name":"vrtne sadike FLANCA","description":"Prodaja vrtnih sadik in ostale opreme","url":"https:\/\/flanca.si\/hr\/","logo":{"@type":"ImageObject","url":"https:\/\/flanca.si\/wp-content\/uploads\/2019\/11\/spletna-trgovina-s-sadikami-flanca.png","@id":"https:\/\/flanca.si\/hr\/pocetak-rada-u-vrtu\/#organizationLogo","width":151,"height":50,"caption":"spletna trgovina s sadikami FLANCA"},"image":{"@id":"https:\/\/flanca.si\/hr\/pocetak-rada-u-vrtu\/#organizationLogo"}},{"@type":"Person","@id":"https:\/\/flanca.si\/hr\/author\/jana\/#author","url":"https:\/\/flanca.si\/hr\/author\/jana\/","name":"Jana Globo\u010dnik","image":{"@type":"ImageObject","@id":"https:\/\/flanca.si\/hr\/pocetak-rada-u-vrtu\/#authorImage","url":"https:\/\/flanca.si\/wp-content\/litespeed\/avatar\/82d8a3f6e7b669e4fbb18755fd8d5c5c.jpg?ver=1788548908","width":96,"height":96,"caption":"Jana Globo\u010dnik"}},{"@type":"WebPage","@id":"https:\/\/flanca.si\/hr\/pocetak-rada-u-vrtu\/#webpage","url":"https:\/\/flanca.si\/hr\/pocetak-rada-u-vrtu\/","name":"Po\u010detak rada u vrtu \u2013 vrtne sadike FLANCA","description":"Unato\u010d ovogodi\u0161njoj ne\u0161to bla\u017eoj zimi, tlo se ve\u0107 donekle odmorilo. Morat \u0107emo se polako pripremati za novu sezonu. Sigurno mnogi ljudi ve\u0107 imaju posude s prvom sjetvom ove godine na prozorskoj dasci. Me\u0111utim, pro\u0107i \u0107e jo\u0161 neko vrijeme prije nego \u0161to krenemo raditi i na otvorenom. Priprema tla za vrt Naju\u010dinkovitije je pripremiti vrt u","inLanguage":"hr","isPartOf":{"@id":"https:\/\/flanca.si\/hr\/#website"},"breadcrumb":{"@id":"https:\/\/flanca.si\/hr\/pocetak-rada-u-vrtu\/#breadcrumblist"},"author":{"@id":"https:\/\/flanca.si\/hr\/author\/jana\/#author"},"creator":{"@id":"https:\/\/flanca.si\/hr\/author\/jana\/#author"},"image":{"@type":"ImageObject","url":"https:\/\/flanca.si\/wp-content\/uploads\/2020\/02\/bliza-se-nova-sezona.jpg","@id":"https:\/\/flanca.si\/hr\/pocetak-rada-u-vrtu\/#mainImage","width":844,"height":980},"primaryImageOfPage":{"@id":"https:\/\/flanca.si\/hr\/pocetak-rada-u-vrtu\/#mainImage"},"datePublished":"2020-02-12T17:04:44+01:00","dateModified":"2025-01-14T10:40:00+01:00"},{"@type":"WebSite","@id":"https:\/\/flanca.si\/hr\/#website","url":"https:\/\/flanca.si\/hr\/","name":"vrtne sadike FLANCA","description":"Prodaja vrtnih sadik in ostale opreme","inLanguage":"hr","publisher":{"@id":"https:\/\/flanca.si\/hr\/#organization"}}]},"og:locale":"hr_HR","og:site_name":"vrtne sadike FLANCA \u2013 Prodaja vrtnih sadik in ostale opreme","og:type":"article","og:title":"Po\u010detak rada u vrtu \u2013 vrtne sadike FLANCA","og:description":"Unato\u010d ovogodi\u0161njoj ne\u0161to bla\u017eoj zimi, tlo se ve\u0107 donekle odmorilo. Morat \u0107emo se polako pripremati za novu sezonu. Sigurno mnogi ljudi ve\u0107 imaju posude s prvom sjetvom ove godine na prozorskoj dasci. Me\u0111utim, pro\u0107i \u0107e jo\u0161 neko vrijeme prije nego \u0161to krenemo raditi i na otvorenom. Priprema tla za vrt Naju\u010dinkovitije je pripremiti vrt u","og:url":"https:\/\/flanca.si\/hr\/pocetak-rada-u-vrtu\/","og:image":"https:\/\/flanca.si\/wp-content\/uploads\/2019\/11\/spletna-trgovina-s-sadikami-flanca.png","og:image:secure_url":"https:\/\/flanca.si\/wp-content\/uploads\/2019\/11\/spletna-trgovina-s-sadikami-flanca.png","article:published_time":"2020-02-12T16:04:44+00:00","article:modified_time":"2025-01-14T09:40:00+00:00","twitter:card":"summary_large_image","twitter:title":"Po\u010detak rada u vrtu \u2013 vrtne sadike FLANCA","twitter:description":"Unato\u010d ovogodi\u0161njoj ne\u0161to bla\u017eoj zimi, tlo se ve\u0107 donekle odmorilo. Morat \u0107emo se polako pripremati za novu sezonu. Sigurno mnogi ljudi ve\u0107 imaju posude s prvom sjetvom ove godine na prozorskoj dasci. Me\u0111utim, pro\u0107i \u0107e jo\u0161 neko vrijeme prije nego \u0161to krenemo raditi i na otvorenom. Priprema tla za vrt Naju\u010dinkovitije je pripremiti vrt u","twitter:image":"https:\/\/flanca.si\/wp-content\/uploads\/2019\/11\/spletna-trgovina-s-sadikami-flanca.png"},"aioseo_meta_data":{"post_id":"16233","title":null,"description":null,"keywords":null,"keyphrases":null,"primary_term":null,"canonical_url":null,"og_title":null,"og_description":null,"og_object_type":"default","og_image_type":"default","og_image_url":null,"og_image_width":null,"og_image_height":null,"og_image_custom_url":null,"og_image_custom_fields":null,"og_video":null,"og_custom_url":null,"og_article_section":null,"og_article_tags":null,"twitter_use_og":false,"twitter_card":"default","twitter_image_type":"default","twitter_image_url":null,"twitter_image_custom_url":null,"twitter_image_custom_fields":null,"twitter_title":null,"twitter_description":null,"schema":{"blockGraphs":[],"customGraphs":[],"default":{"data":{"Article":[],"Course":[],"Dataset":[],"FAQPage":[],"Movie":[],"Person":[],"Product":[],"ProductReview":[],"Car":[],"Recipe":[],"Service":[],"SoftwareApplication":[],"WebPage":[]},"graphName":"","isEnabled":true},"graphs":[]},"schema_type":"default","schema_type_options":null,"pillar_content":false,"robots_default":true,"robots_noindex":false,"robots_noarchive":false,"robots_nosnippet":false,"robots_nofollow":false,"robots_noimageindex":false,"robots_noodp":false,"robots_notranslate":false,"robots_max_snippet":null,"robots_max_videopreview":null,"robots_max_imagepreview":"large","priority":null,"frequency":null,"local_seo":null,"breadcrumb_settings":null,"limit_modified_date":false,"ai":null,"created":"2025-01-14 09:40:00","updated":"2025-06-07 04:56:47","seo_analyzer_scan_date":null,"focus_keyword":null,"additional_keywords":null,"truseo_locale":null},"aioseo_breadcrumb":"<div class=\"aioseo-breadcrumbs\"><span class=\"aioseo-breadcrumb\">\n\t\t\t<a href=\"https:\/\/flanca.si\/hr\/\" title=\"Domov\">Domov<\/a>\n\t\t<\/span><span class=\"aioseo-breadcrumb-separator\">\u00bb<\/span><span class=\"aioseo-breadcrumb\">\n\t\t\t<a href=\"https:\/\/flanca.si\/hr\/category\/vrt-hr\/\" title=\"vrt\">vrt<\/a>\n\t\t<\/span><span class=\"aioseo-breadcrumb-separator\">\u00bb<\/span><span class=\"aioseo-breadcrumb\">\n\t\t\tPo\u010detak rada u vrtu\n\t\t<\/span><\/div>","aioseo_breadcrumb_json":[{"label":"Domov","link":"https:\/\/flanca.si\/hr\/"},{"label":"vrt","link":"https:\/\/flanca.si\/hr\/category\/vrt-hr\/"},{"label":"Po\u010detak rada u vrtu","link":"https:\/\/flanca.si\/hr\/pocetak-rada-u-vrtu\/"}],"_links":{"self":[{"href":"https:\/\/flanca.si\/hr\/wp-json\/wp\/v2\/posts\/16233","targetHints":{"allow":["GET"]}}],"collection":[{"href":"https:\/\/flanca.si\/hr\/wp-json\/wp\/v2\/posts"}],"about":[{"href":"https:\/\/flanca.si\/hr\/wp-json\/wp\/v2\/types\/post"}],"author":[{"embeddable":true,"href":"https:\/\/flanca.si\/hr\/wp-json\/wp\/v2\/users\/3"}],"replies":[{"embeddable":true,"href":"https:\/\/flanca.si\/hr\/wp-json\/wp\/v2\/comments?post=16233"}],"version-history":[{"count":0,"href":"https:\/\/flanca.si\/hr\/wp-json\/wp\/v2\/posts\/16233\/revisions"}],"wp:featuredmedia":[{"embeddable":true,"href":"https:\/\/flanca.si\/hr\/wp-json\/wp\/v2\/media\/16234"}],"wp:attachment":[{"href":"https:\/\/flanca.si\/hr\/wp-json\/wp\/v2\/media?parent=16233"}],"wp:term":[{"taxonomy":"category","embeddable":true,"href":"https:\/\/flanca.si\/hr\/wp-json\/wp\/v2\/categories?post=16233"},{"taxonomy":"post_tag","embeddable":true,"href":"https:\/\/flanca.si\/hr\/wp-json\/wp\/v2\/tags?post=16233"}],"curies":[{"name":"wp","href":"https:\/\/api.w.org\/{rel}","templated":true}]}}