{"id":15006,"date":"2021-04-16T13:10:05","date_gmt":"2021-04-16T11:10:05","guid":{"rendered":"https:\/\/flanca.si\/kraeuter-und-gemuesegarten\/"},"modified":"2025-01-07T18:31:10","modified_gmt":"2025-01-07T17:31:10","slug":"kraeuter-und-gemuesegarten","status":"publish","type":"post","link":"https:\/\/flanca.si\/de\/kraeuter-und-gemuesegarten\/","title":{"rendered":"Kr\u00e4uter- und Gem\u00fcsegarten"},"content":{"rendered":"\n<p class=\"wp-block-paragraph\">In der Vergangenheit wurden Kr\u00e4uter aufgrund von formell angelegten b\u00fcrgerlichen G\u00e4rten an den Rand des Gartens gedr\u00e4ngt. Oder sie wurden an einem bestimmten Ort platziert, wie D\u00fcfte. Schon in jungen Jahren wussten sie um ihre positiven Auswirkungen auf die Linderung gesundheitlicher Probleme. Heutzutage sind sie vor allem in der K\u00fcche und Kosmetik nicht mehr wegzudenken. Im Garten sind sie ein toller Helfer beim Gem\u00fcseanbau. Warum? Mit ihren enthaltenen und abgesonderten \u00e4therischen \u00d6len helfen sie, Sch\u00e4dlinge abzuwehren, die Entwicklung von Krankheiten zu verhindern und den Geschmack bestimmter Gem\u00fcsesorten zu verbessern.      <\/p>\n\n<div class=\"wp-block-image\"><figure class=\"alignright size-large is-resized\"><a href=\"https:\/\/flanca.si\/zelisca\/\"><img fetchpriority=\"high\" decoding=\"async\" src=\"https:\/\/flanca.si\/wp-content\/uploads\/2021\/01\/mesani-vrt-1024x768.jpg\" alt=\"\" class=\"wp-image-3758\" width=\"357\" height=\"268\" srcset=\"https:\/\/flanca.si\/wp-content\/uploads\/2021\/01\/mesani-vrt-1024x768.jpg 1024w, https:\/\/flanca.si\/wp-content\/uploads\/2021\/01\/mesani-vrt-300x225.jpg 300w, https:\/\/flanca.si\/wp-content\/uploads\/2021\/01\/mesani-vrt-768x576.jpg 768w, https:\/\/flanca.si\/wp-content\/uploads\/2021\/01\/mesani-vrt-1536x1152.jpg 1536w, https:\/\/flanca.si\/wp-content\/uploads\/2021\/01\/mesani-vrt-600x450.jpg 600w, https:\/\/flanca.si\/wp-content\/uploads\/2021\/01\/mesani-vrt.jpg 1920w\" sizes=\"(max-width: 357px) 100vw, 357px\" \/><\/a><figcaption><strong>Mischkulturen im Garten<\/strong><\/figcaption><\/figure><\/div>\n\n<p class=\"wp-block-paragraph\"><br\/>Mit ihren attraktiven Bl\u00fcten werden einige Kr\u00e4uter viele neugierige Blicke auf sich ziehen. Wieder andere werden ihre Aufmerksamkeit suchen, indem sie angenehme D\u00fcfte verstr\u00f6men. Unter den Gem\u00fcsesorten werden sie das Erscheinungsbild von Gem\u00fcsebeeten mit ihrer Farbe und Form diversifizieren. Fast alle von ihnen k\u00f6nnen jedoch in der Ern\u00e4hrung als Gew\u00fcrz oder Kraut verwendet werden. W\u00e4hrend der Wachstumsphase werden sie frisch verwendet und k\u00f6nnen f\u00fcr den Winter in verschiedenen Formen gelagert werden.<br\/>Beim Anbau von Gem\u00fcse in Kombination mit Kr\u00e4utern handelt es sich um Mischkulturen, die sich positiv auf den Garten auswirken. So entstehen Kombinationen verschiedener Pflanzenarten, von denen einige bl\u00fchen, manche hoch, andere kurz sind, was den Sch\u00e4dling verwirrt und es schwieriger macht, in dieser &#8222;Verwirrung&#8220; eine Nahrungsquelle zu finden.     <\/p>\n\n<div class=\"wp-block-image\"><figure class=\"alignleft size-large is-resized\"><a href=\"https:\/\/flanca.si\/de\/verkauf-von-setzlingen\/\"><img decoding=\"async\" src=\"https:\/\/flanca.si\/wp-content\/uploads\/2021\/01\/zasajeno-balkonsko-korito-mesanega-posevka-1024x683.jpg\" alt=\"\" class=\"wp-image-3759\" width=\"380\" height=\"254\" srcset=\"https:\/\/flanca.si\/wp-content\/uploads\/2021\/01\/zasajeno-balkonsko-korito-mesanega-posevka-1024x683.jpg 1024w, https:\/\/flanca.si\/wp-content\/uploads\/2021\/01\/zasajeno-balkonsko-korito-mesanega-posevka-300x200.jpg 300w, https:\/\/flanca.si\/wp-content\/uploads\/2021\/01\/zasajeno-balkonsko-korito-mesanega-posevka-768x512.jpg 768w, https:\/\/flanca.si\/wp-content\/uploads\/2021\/01\/zasajeno-balkonsko-korito-mesanega-posevka-1536x1024.jpg 1536w, https:\/\/flanca.si\/wp-content\/uploads\/2021\/01\/zasajeno-balkonsko-korito-mesanega-posevka-600x400.jpg 600w, https:\/\/flanca.si\/wp-content\/uploads\/2021\/01\/zasajeno-balkonsko-korito-mesanega-posevka.jpg 1920w\" sizes=\"(max-width: 380px) 100vw, 380px\" \/><\/a><figcaption><strong>Bio-Balkontrog aus Mischkultur<\/strong><\/figcaption><\/figure><\/div>\n\n<p class=\"wp-block-paragraph\">Wenn du zum Beispiel Ringelblumen und Cappuccino zwischen den Gem\u00fcsebeeten anpflanzt, sch\u00fctzt du dich vor Blattl\u00e4usen. Gleichzeitig verleihen die Pflanzen mit ihren leuchtenden Bl\u00fcten dem Garten eine belebende Farbnote. Wenn Sie <a href=\"https:\/\/flanca.si\/?s=poprova+meta\" data-type=\"URL\" data-id=\"https:\/\/flanca.si\/?s=poprova+meta\">Pfefferminze<\/a> pflanzen, k\u00f6nnen Sie sich mit Tee versorgen, Sie k\u00f6nnen ihn als t\u00e4gliches Getr\u00e4nk oder als Heilmittel gegen Magenschmerzen, Kr\u00e4mpfe und Bl\u00e4hungen verwenden. Gleichzeitig wehrt es Fl\u00f6he, Ameisen, L\u00e4use und die Kohlfliege in der Umgebung ab,&#8230; <a href=\"https:\/\/flanca.si\/de\/produkt\/salbei-culinaria\/\" data-type=\"URL\" data-id=\"https:\/\/flanca.si\/izdelek\/srebrni-zajbelj\/\">Salbei<\/a> kann auch zu medizinischen Zwecken oder als Zierpflanze im Garten verwendet werden, die Schimmel und Sch\u00e4dlinge aus der Umgebung abwehrt. <a href=\"https:\/\/flanca.si\/de\/produkt\/rhabarber\/\" data-type=\"URL\" data-id=\"https:\/\/flanca.si\/izdelek\/rabarbara\/\">Rhabarber<\/a>, der haupts\u00e4chlich zur Herstellung von S\u00e4ften und Marmeladen verwendet wird, wehrt Raupen, Zwiebelfliegen, Karottenfliegen, Lauchfliegen in der N\u00e4he seines Lebensraums ab und wirkt als allgemeines Insektizid. Wenn Sie <a href=\"https:\/\/flanca.si\/de\/produkt\/rettet-den-karst\/\" data-type=\"URL\" data-id=\"https:\/\/flanca.si\/izdelek\/setraj-kraski\/\">sparsam<\/a> in Ihren G\u00e4rten pflanzen, wird der Befall mit Blattl\u00e4usen reduziert. In der K\u00fcche k\u00f6nnen jedoch frische oder getrocknete Bl\u00e4tter verwendet werden. Es ist jedoch notwendig, sich dar\u00fcber im Klaren zu sein, dass einige Kr\u00e4uter auch eine negative Wirkung haben. So wird beispielsweise nicht empfohlen, Wermut in Mischkulturen zu verwenden. Denn es scheidet Substanzen aus den Wurzeln aus, die das Wachstum anderer Pflanzen hemmen.        <\/p>\n\n<div class=\"wp-block-image\"><figure class=\"alignright size-large is-resized\"><a href=\"https:\/\/flanca.si\/de\/\"><img decoding=\"async\" src=\"https:\/\/flanca.si\/wp-content\/uploads\/2021\/01\/masani-posevki-zelenjave-edited.jpg\" alt=\"\" class=\"wp-image-3762\" width=\"402\" height=\"268\" srcset=\"https:\/\/flanca.si\/wp-content\/uploads\/2021\/01\/masani-posevki-zelenjave-edited.jpg 1920w, https:\/\/flanca.si\/wp-content\/uploads\/2021\/01\/masani-posevki-zelenjave-edited-300x200.jpg 300w, https:\/\/flanca.si\/wp-content\/uploads\/2021\/01\/masani-posevki-zelenjave-edited-1024x683.jpg 1024w, https:\/\/flanca.si\/wp-content\/uploads\/2021\/01\/masani-posevki-zelenjave-edited-768x512.jpg 768w, https:\/\/flanca.si\/wp-content\/uploads\/2021\/01\/masani-posevki-zelenjave-edited-1536x1024.jpg 1536w, https:\/\/flanca.si\/wp-content\/uploads\/2021\/01\/masani-posevki-zelenjave-edited-600x400.jpg 600w\" sizes=\"(max-width: 402px) 100vw, 402px\" \/><\/a><figcaption><strong>Gemischte Gem\u00fcsekulturen<\/strong><\/figcaption><\/figure><\/div>\n\n<p class=\"wp-block-paragraph\"><br\/>Kr\u00e4uter im Garten sind nicht nur Heilpflanzen und D\u00fcfte, sie haben ein breites Anwendungsspektrum, so dass es sich lohnt, zus\u00e4tzliches Wissen dar\u00fcber zu erwerben. Sie haben sicherlich eine gr\u00f6\u00dfere Bedeutung in unserem Leben, daher lohnt es sich, sich etwas Zeit zu nehmen, damit sie mehr \u00fcber ihre zus\u00e4tzliche Kraft und ihren Nutzen erfahren. Wir haben sie Ihnen nur zur Prise vorgestellt. Es gibt jedoch noch viel mehr Arten und Sorten, ebenso wie viele M\u00f6glichkeiten, sie zu verwenden. Einige k\u00f6nnen auch in unserem <a href=\"https:\/\/flanca.si\/de\/\" data-type=\"URL\" data-id=\"https:\/\/flanca.si\/de\/\">Online-Shop Flanca.si<\/a> oder direkt in der G\u00e4rtnerei in Voglje in der N\u00e4he von \u0160en\u010durju gekauft werden. Besuchen Sie uns und wir beraten Sie gerne.     <\/p>\n\n<p class=\"wp-block-paragraph\">N\u00e4chstes Mal mehr dar\u00fcber, wo wir Kr\u00e4uter anbauen k\u00f6nnen.<\/p>\n\n<p class=\"wp-block-paragraph\">Bis dahin, ein freundlicher G\u00e4rtner l\u00e4sst gr\u00fc\u00dfen.<\/p>\n\n<p class=\"wp-block-paragraph\">Das Flanca-Team<\/p>\n","protected":false},"excerpt":{"rendered":"<p>In der Vergangenheit wurden Kr\u00e4uter aufgrund von formell angelegten b\u00fcrgerlichen G\u00e4rten an den Rand des Gartens gedr\u00e4ngt. Oder sie wurden an einem bestimmten Ort platziert, wie D\u00fcfte. Schon in jungen Jahren wussten sie um ihre positiven Auswirkungen auf die Linderung gesundheitlicher Probleme. Heutzutage sind sie vor allem in der K\u00fcche [&hellip;]<\/p>\n","protected":false},"author":3,"featured_media":13005,"comment_status":"closed","ping_status":"open","sticky":false,"template":"","format":"standard","meta":{"site-sidebar-layout":"default","site-content-layout":"default","ast-site-content-layout":"default","site-content-style":"default","site-sidebar-style":"default","ast-global-header-display":"","ast-banner-title-visibility":"","ast-main-header-display":"","ast-hfb-above-header-display":"","ast-hfb-below-header-display":"","ast-hfb-mobile-header-display":"","site-post-title":"","ast-breadcrumbs-content":"","ast-featured-img":"","footer-sml-layout":"","ast-disable-related-posts":"","theme-transparent-header-meta":"default","adv-header-id-meta":"","stick-header-meta":"default","header-above-stick-meta":"","header-main-stick-meta":"","header-below-stick-meta":"","astra-migrate-meta-layouts":"default","ast-page-background-enabled":"default","ast-page-background-meta":{"desktop":{"background-color":"","background-image":"","background-repeat":"repeat","background-position":"center center","background-size":"auto","background-attachment":"scroll","background-type":"","background-media":"","overlay-type":"","overlay-color":"","overlay-opacity":"","overlay-gradient":""},"tablet":{"background-color":"","background-image":"","background-repeat":"repeat","background-position":"center center","background-size":"auto","background-attachment":"scroll","background-type":"","background-media":"","overlay-type":"","overlay-color":"","overlay-opacity":"","overlay-gradient":""},"mobile":{"background-color":"","background-image":"","background-repeat":"repeat","background-position":"center center","background-size":"auto","background-attachment":"scroll","background-type":"","background-media":"","overlay-type":"","overlay-color":"","overlay-opacity":"","overlay-gradient":""}},"ast-content-background-meta":{"desktop":{"background-color":"var(--ast-global-color-5)","background-image":"","background-repeat":"repeat","background-position":"center center","background-size":"auto","background-attachment":"scroll","background-type":"","background-media":"","overlay-type":"","overlay-color":"","overlay-opacity":"","overlay-gradient":""},"tablet":{"background-color":"var(--ast-global-color-5)","background-image":"","background-repeat":"repeat","background-position":"center center","background-size":"auto","background-attachment":"scroll","background-type":"","background-media":"","overlay-type":"","overlay-color":"","overlay-opacity":"","overlay-gradient":""},"mobile":{"background-color":"var(--ast-global-color-5)","background-image":"","background-repeat":"repeat","background-position":"center center","background-size":"auto","background-attachment":"scroll","background-type":"","background-media":"","overlay-type":"","overlay-color":"","overlay-opacity":"","overlay-gradient":""}},"footnotes":""},"categories":[897,905],"tags":[],"class_list":["post-15006","post","type-post","status-publish","format-standard","has-post-thumbnail","hentry","category-garten","category-krauter"],"aioseo_notices":[],"aioseo_head":"\n\t\t<!-- All in One SEO 5.0.1.1 - aioseo.com -->\n\t<meta name=\"description\" content=\"In der Vergangenheit wurden Kr\u00e4uter aufgrund von formell angelegten b\u00fcrgerlichen G\u00e4rten an den Rand des Gartens gedr\u00e4ngt. Oder sie wurden an einem bestimmten Ort platziert, wie D\u00fcfte. Schon in jungen Jahren wussten sie um ihre positiven Auswirkungen auf die Linderung gesundheitlicher Probleme. Heutzutage sind sie vor allem in der K\u00fcche und Kosmetik nicht mehr wegzudenken.\" \/>\n\t<meta name=\"robots\" content=\"max-image-preview:large\" \/>\n\t<meta name=\"author\" content=\"Jana Globo\u010dnik\"\/>\n\t<meta name=\"google-site-verification\" content=\"1sO6GOIbhijVyOhvBZZbOsEVADo4T9w2a7D2KDR6zVI\" \/>\n\t<link rel=\"canonical\" href=\"https:\/\/flanca.si\/de\/kraeuter-und-gemuesegarten\/\" \/>\n\t<meta name=\"generator\" content=\"All in One SEO (AIOSEO) 5.0.1.1\" \/>\n\t\t<meta property=\"og:locale\" content=\"de_DE\" \/>\n\t\t<meta property=\"og:site_name\" content=\"vrtne sadike FLANCA \u2013 Prodaja vrtnih sadik in ostale opreme\" \/>\n\t\t<meta property=\"og:type\" content=\"article\" \/>\n\t\t<meta property=\"og:title\" content=\"Kr\u00e4uter- und Gem\u00fcsegarten \u2013 vrtne sadike FLANCA\" \/>\n\t\t<meta property=\"og:description\" content=\"In der Vergangenheit wurden Kr\u00e4uter aufgrund von formell angelegten b\u00fcrgerlichen G\u00e4rten an den Rand des Gartens gedr\u00e4ngt. Oder sie wurden an einem bestimmten Ort platziert, wie D\u00fcfte. Schon in jungen Jahren wussten sie um ihre positiven Auswirkungen auf die Linderung gesundheitlicher Probleme. Heutzutage sind sie vor allem in der K\u00fcche und Kosmetik nicht mehr wegzudenken.\" \/>\n\t\t<meta property=\"og:url\" content=\"https:\/\/flanca.si\/de\/kraeuter-und-gemuesegarten\/\" \/>\n\t\t<meta property=\"og:image\" content=\"https:\/\/flanca.si\/wp-content\/uploads\/2019\/11\/spletna-trgovina-s-sadikami-flanca.png\" \/>\n\t\t<meta property=\"og:image:secure_url\" content=\"https:\/\/flanca.si\/wp-content\/uploads\/2019\/11\/spletna-trgovina-s-sadikami-flanca.png\" \/>\n\t\t<meta property=\"article:published_time\" content=\"2021-04-16T11:10:05+00:00\" \/>\n\t\t<meta property=\"article:modified_time\" content=\"2025-01-07T17:31:10+00:00\" \/>\n\t\t<meta name=\"twitter:card\" content=\"summary_large_image\" \/>\n\t\t<meta name=\"twitter:title\" content=\"Kr\u00e4uter- und Gem\u00fcsegarten \u2013 vrtne sadike FLANCA\" \/>\n\t\t<meta name=\"twitter:description\" content=\"In der Vergangenheit wurden Kr\u00e4uter aufgrund von formell angelegten b\u00fcrgerlichen G\u00e4rten an den Rand des Gartens gedr\u00e4ngt. Oder sie wurden an einem bestimmten Ort platziert, wie D\u00fcfte. Schon in jungen Jahren wussten sie um ihre positiven Auswirkungen auf die Linderung gesundheitlicher Probleme. Heutzutage sind sie vor allem in der K\u00fcche und Kosmetik nicht mehr wegzudenken.\" \/>\n\t\t<meta name=\"twitter:image\" content=\"https:\/\/flanca.si\/wp-content\/uploads\/2019\/11\/spletna-trgovina-s-sadikami-flanca.png\" \/>\n\t\t<script type=\"application\/ld+json\" class=\"aioseo-schema\">\n\t\t\t{\"@context\":\"https:\\\/\\\/schema.org\",\"@graph\":[{\"@type\":\"BlogPosting\",\"@id\":\"https:\\\/\\\/flanca.si\\\/de\\\/kraeuter-und-gemuesegarten\\\/#blogposting\",\"name\":\"Kr\\u00e4uter- und Gem\\u00fcsegarten \\u2013 vrtne sadike FLANCA\",\"headline\":\"Kr\\u00e4uter- und Gem\\u00fcsegarten\",\"author\":{\"@id\":\"https:\\\/\\\/flanca.si\\\/de\\\/author\\\/jana\\\/#author\"},\"publisher\":{\"@id\":\"https:\\\/\\\/flanca.si\\\/de\\\/#organization\"},\"image\":{\"@type\":\"ImageObject\",\"url\":\"https:\\\/\\\/flanca.si\\\/wp-content\\\/uploads\\\/2021\\\/01\\\/zelisca-sopek.jpg\",\"width\":450,\"height\":267},\"datePublished\":\"2021-04-16T13:10:05+02:00\",\"dateModified\":\"2025-01-07T18:31:10+01:00\",\"inLanguage\":\"de-DE\",\"mainEntityOfPage\":{\"@id\":\"https:\\\/\\\/flanca.si\\\/de\\\/kraeuter-und-gemuesegarten\\\/#webpage\"},\"isPartOf\":{\"@id\":\"https:\\\/\\\/flanca.si\\\/de\\\/kraeuter-und-gemuesegarten\\\/#webpage\"},\"articleSection\":\"Garten, Kr\\u00e4uter\"},{\"@type\":\"BreadcrumbList\",\"@id\":\"https:\\\/\\\/flanca.si\\\/de\\\/kraeuter-und-gemuesegarten\\\/#breadcrumblist\",\"itemListElement\":[{\"@type\":\"ListItem\",\"@id\":\"https:\\\/\\\/flanca.si\\\/de\\\/#listItem\",\"position\":1,\"name\":\"Domov\",\"item\":\"https:\\\/\\\/flanca.si\\\/de\\\/\",\"nextItem\":{\"@type\":\"ListItem\",\"@id\":\"https:\\\/\\\/flanca.si\\\/de\\\/category\\\/garten\\\/#listItem\",\"name\":\"Garten\"}},{\"@type\":\"ListItem\",\"@id\":\"https:\\\/\\\/flanca.si\\\/de\\\/category\\\/garten\\\/#listItem\",\"position\":2,\"name\":\"Garten\",\"item\":\"https:\\\/\\\/flanca.si\\\/de\\\/category\\\/garten\\\/\",\"nextItem\":{\"@type\":\"ListItem\",\"@id\":\"https:\\\/\\\/flanca.si\\\/de\\\/kraeuter-und-gemuesegarten\\\/#listItem\",\"name\":\"Kr\\u00e4uter- und Gem\\u00fcsegarten\"},\"previousItem\":{\"@type\":\"ListItem\",\"@id\":\"https:\\\/\\\/flanca.si\\\/de\\\/#listItem\",\"name\":\"Domov\"}},{\"@type\":\"ListItem\",\"@id\":\"https:\\\/\\\/flanca.si\\\/de\\\/kraeuter-und-gemuesegarten\\\/#listItem\",\"position\":3,\"name\":\"Kr\\u00e4uter- und Gem\\u00fcsegarten\",\"previousItem\":{\"@type\":\"ListItem\",\"@id\":\"https:\\\/\\\/flanca.si\\\/de\\\/category\\\/garten\\\/#listItem\",\"name\":\"Garten\"}}]},{\"@type\":\"Organization\",\"@id\":\"https:\\\/\\\/flanca.si\\\/de\\\/#organization\",\"name\":\"vrtne sadike FLANCA\",\"description\":\"Prodaja vrtnih sadik in ostale opreme\",\"url\":\"https:\\\/\\\/flanca.si\\\/de\\\/\",\"logo\":{\"@type\":\"ImageObject\",\"url\":\"https:\\\/\\\/flanca.si\\\/wp-content\\\/uploads\\\/2019\\\/11\\\/spletna-trgovina-s-sadikami-flanca.png\",\"@id\":\"https:\\\/\\\/flanca.si\\\/de\\\/kraeuter-und-gemuesegarten\\\/#organizationLogo\",\"width\":151,\"height\":50,\"caption\":\"spletna trgovina s sadikami FLANCA\"},\"image\":{\"@id\":\"https:\\\/\\\/flanca.si\\\/de\\\/kraeuter-und-gemuesegarten\\\/#organizationLogo\"}},{\"@type\":\"Person\",\"@id\":\"https:\\\/\\\/flanca.si\\\/de\\\/author\\\/jana\\\/#author\",\"url\":\"https:\\\/\\\/flanca.si\\\/de\\\/author\\\/jana\\\/\",\"name\":\"Jana Globo\\u010dnik\",\"image\":{\"@type\":\"ImageObject\",\"@id\":\"https:\\\/\\\/flanca.si\\\/de\\\/kraeuter-und-gemuesegarten\\\/#authorImage\",\"url\":\"https:\\\/\\\/flanca.si\\\/wp-content\\\/litespeed\\\/avatar\\\/82d8a3f6e7b669e4fbb18755fd8d5c5c.jpg?ver=1788548908\",\"width\":96,\"height\":96,\"caption\":\"Jana Globo\\u010dnik\"}},{\"@type\":\"WebPage\",\"@id\":\"https:\\\/\\\/flanca.si\\\/de\\\/kraeuter-und-gemuesegarten\\\/#webpage\",\"url\":\"https:\\\/\\\/flanca.si\\\/de\\\/kraeuter-und-gemuesegarten\\\/\",\"name\":\"Kr\\u00e4uter- und Gem\\u00fcsegarten \\u2013 vrtne sadike FLANCA\",\"description\":\"In der Vergangenheit wurden Kr\\u00e4uter aufgrund von formell angelegten b\\u00fcrgerlichen G\\u00e4rten an den Rand des Gartens gedr\\u00e4ngt. Oder sie wurden an einem bestimmten Ort platziert, wie D\\u00fcfte. Schon in jungen Jahren wussten sie um ihre positiven Auswirkungen auf die Linderung gesundheitlicher Probleme. Heutzutage sind sie vor allem in der K\\u00fcche und Kosmetik nicht mehr wegzudenken.\",\"inLanguage\":\"de-DE\",\"isPartOf\":{\"@id\":\"https:\\\/\\\/flanca.si\\\/de\\\/#website\"},\"breadcrumb\":{\"@id\":\"https:\\\/\\\/flanca.si\\\/de\\\/kraeuter-und-gemuesegarten\\\/#breadcrumblist\"},\"author\":{\"@id\":\"https:\\\/\\\/flanca.si\\\/de\\\/author\\\/jana\\\/#author\"},\"creator\":{\"@id\":\"https:\\\/\\\/flanca.si\\\/de\\\/author\\\/jana\\\/#author\"},\"image\":{\"@type\":\"ImageObject\",\"url\":\"https:\\\/\\\/flanca.si\\\/wp-content\\\/uploads\\\/2021\\\/01\\\/zelisca-sopek.jpg\",\"@id\":\"https:\\\/\\\/flanca.si\\\/de\\\/kraeuter-und-gemuesegarten\\\/#mainImage\",\"width\":450,\"height\":267},\"primaryImageOfPage\":{\"@id\":\"https:\\\/\\\/flanca.si\\\/de\\\/kraeuter-und-gemuesegarten\\\/#mainImage\"},\"datePublished\":\"2021-04-16T13:10:05+02:00\",\"dateModified\":\"2025-01-07T18:31:10+01:00\"},{\"@type\":\"WebSite\",\"@id\":\"https:\\\/\\\/flanca.si\\\/de\\\/#website\",\"url\":\"https:\\\/\\\/flanca.si\\\/de\\\/\",\"name\":\"vrtne sadike FLANCA\",\"description\":\"Prodaja vrtnih sadik in ostale opreme\",\"inLanguage\":\"de-DE\",\"publisher\":{\"@id\":\"https:\\\/\\\/flanca.si\\\/de\\\/#organization\"}}]}\n\t\t<\/script>\n\t\t<!-- All in One SEO -->\n\n","aioseo_head_json":{"title":"Kr\u00e4uter- und Gem\u00fcsegarten \u2013 vrtne sadike FLANCA","description":"In der Vergangenheit wurden Kr\u00e4uter aufgrund von formell angelegten b\u00fcrgerlichen G\u00e4rten an den Rand des Gartens gedr\u00e4ngt. Oder sie wurden an einem bestimmten Ort platziert, wie D\u00fcfte. Schon in jungen Jahren wussten sie um ihre positiven Auswirkungen auf die Linderung gesundheitlicher Probleme. Heutzutage sind sie vor allem in der K\u00fcche und Kosmetik nicht mehr wegzudenken.","canonical_url":"https:\/\/flanca.si\/de\/kraeuter-und-gemuesegarten\/","robots":"max-image-preview:large","keywords":"","webmasterTools":{"google-site-verification":"1sO6GOIbhijVyOhvBZZbOsEVADo4T9w2a7D2KDR6zVI","miscellaneous":""},"schema":{"@context":"https:\/\/schema.org","@graph":[{"@type":"BlogPosting","@id":"https:\/\/flanca.si\/de\/kraeuter-und-gemuesegarten\/#blogposting","name":"Kr\u00e4uter- und Gem\u00fcsegarten \u2013 vrtne sadike FLANCA","headline":"Kr\u00e4uter- und Gem\u00fcsegarten","author":{"@id":"https:\/\/flanca.si\/de\/author\/jana\/#author"},"publisher":{"@id":"https:\/\/flanca.si\/de\/#organization"},"image":{"@type":"ImageObject","url":"https:\/\/flanca.si\/wp-content\/uploads\/2021\/01\/zelisca-sopek.jpg","width":450,"height":267},"datePublished":"2021-04-16T13:10:05+02:00","dateModified":"2025-01-07T18:31:10+01:00","inLanguage":"de-DE","mainEntityOfPage":{"@id":"https:\/\/flanca.si\/de\/kraeuter-und-gemuesegarten\/#webpage"},"isPartOf":{"@id":"https:\/\/flanca.si\/de\/kraeuter-und-gemuesegarten\/#webpage"},"articleSection":"Garten, Kr\u00e4uter"},{"@type":"BreadcrumbList","@id":"https:\/\/flanca.si\/de\/kraeuter-und-gemuesegarten\/#breadcrumblist","itemListElement":[{"@type":"ListItem","@id":"https:\/\/flanca.si\/de\/#listItem","position":1,"name":"Domov","item":"https:\/\/flanca.si\/de\/","nextItem":{"@type":"ListItem","@id":"https:\/\/flanca.si\/de\/category\/garten\/#listItem","name":"Garten"}},{"@type":"ListItem","@id":"https:\/\/flanca.si\/de\/category\/garten\/#listItem","position":2,"name":"Garten","item":"https:\/\/flanca.si\/de\/category\/garten\/","nextItem":{"@type":"ListItem","@id":"https:\/\/flanca.si\/de\/kraeuter-und-gemuesegarten\/#listItem","name":"Kr\u00e4uter- und Gem\u00fcsegarten"},"previousItem":{"@type":"ListItem","@id":"https:\/\/flanca.si\/de\/#listItem","name":"Domov"}},{"@type":"ListItem","@id":"https:\/\/flanca.si\/de\/kraeuter-und-gemuesegarten\/#listItem","position":3,"name":"Kr\u00e4uter- und Gem\u00fcsegarten","previousItem":{"@type":"ListItem","@id":"https:\/\/flanca.si\/de\/category\/garten\/#listItem","name":"Garten"}}]},{"@type":"Organization","@id":"https:\/\/flanca.si\/de\/#organization","name":"vrtne sadike FLANCA","description":"Prodaja vrtnih sadik in ostale opreme","url":"https:\/\/flanca.si\/de\/","logo":{"@type":"ImageObject","url":"https:\/\/flanca.si\/wp-content\/uploads\/2019\/11\/spletna-trgovina-s-sadikami-flanca.png","@id":"https:\/\/flanca.si\/de\/kraeuter-und-gemuesegarten\/#organizationLogo","width":151,"height":50,"caption":"spletna trgovina s sadikami FLANCA"},"image":{"@id":"https:\/\/flanca.si\/de\/kraeuter-und-gemuesegarten\/#organizationLogo"}},{"@type":"Person","@id":"https:\/\/flanca.si\/de\/author\/jana\/#author","url":"https:\/\/flanca.si\/de\/author\/jana\/","name":"Jana Globo\u010dnik","image":{"@type":"ImageObject","@id":"https:\/\/flanca.si\/de\/kraeuter-und-gemuesegarten\/#authorImage","url":"https:\/\/flanca.si\/wp-content\/litespeed\/avatar\/82d8a3f6e7b669e4fbb18755fd8d5c5c.jpg?ver=1788548908","width":96,"height":96,"caption":"Jana Globo\u010dnik"}},{"@type":"WebPage","@id":"https:\/\/flanca.si\/de\/kraeuter-und-gemuesegarten\/#webpage","url":"https:\/\/flanca.si\/de\/kraeuter-und-gemuesegarten\/","name":"Kr\u00e4uter- und Gem\u00fcsegarten \u2013 vrtne sadike FLANCA","description":"In der Vergangenheit wurden Kr\u00e4uter aufgrund von formell angelegten b\u00fcrgerlichen G\u00e4rten an den Rand des Gartens gedr\u00e4ngt. Oder sie wurden an einem bestimmten Ort platziert, wie D\u00fcfte. Schon in jungen Jahren wussten sie um ihre positiven Auswirkungen auf die Linderung gesundheitlicher Probleme. Heutzutage sind sie vor allem in der K\u00fcche und Kosmetik nicht mehr wegzudenken.","inLanguage":"de-DE","isPartOf":{"@id":"https:\/\/flanca.si\/de\/#website"},"breadcrumb":{"@id":"https:\/\/flanca.si\/de\/kraeuter-und-gemuesegarten\/#breadcrumblist"},"author":{"@id":"https:\/\/flanca.si\/de\/author\/jana\/#author"},"creator":{"@id":"https:\/\/flanca.si\/de\/author\/jana\/#author"},"image":{"@type":"ImageObject","url":"https:\/\/flanca.si\/wp-content\/uploads\/2021\/01\/zelisca-sopek.jpg","@id":"https:\/\/flanca.si\/de\/kraeuter-und-gemuesegarten\/#mainImage","width":450,"height":267},"primaryImageOfPage":{"@id":"https:\/\/flanca.si\/de\/kraeuter-und-gemuesegarten\/#mainImage"},"datePublished":"2021-04-16T13:10:05+02:00","dateModified":"2025-01-07T18:31:10+01:00"},{"@type":"WebSite","@id":"https:\/\/flanca.si\/de\/#website","url":"https:\/\/flanca.si\/de\/","name":"vrtne sadike FLANCA","description":"Prodaja vrtnih sadik in ostale opreme","inLanguage":"de-DE","publisher":{"@id":"https:\/\/flanca.si\/de\/#organization"}}]},"og:locale":"de_DE","og:site_name":"vrtne sadike FLANCA \u2013 Prodaja vrtnih sadik in ostale opreme","og:type":"article","og:title":"Kr\u00e4uter- und Gem\u00fcsegarten \u2013 vrtne sadike FLANCA","og:description":"In der Vergangenheit wurden Kr\u00e4uter aufgrund von formell angelegten b\u00fcrgerlichen G\u00e4rten an den Rand des Gartens gedr\u00e4ngt. Oder sie wurden an einem bestimmten Ort platziert, wie D\u00fcfte. Schon in jungen Jahren wussten sie um ihre positiven Auswirkungen auf die Linderung gesundheitlicher Probleme. Heutzutage sind sie vor allem in der K\u00fcche und Kosmetik nicht mehr wegzudenken.","og:url":"https:\/\/flanca.si\/de\/kraeuter-und-gemuesegarten\/","og:image":"https:\/\/flanca.si\/wp-content\/uploads\/2019\/11\/spletna-trgovina-s-sadikami-flanca.png","og:image:secure_url":"https:\/\/flanca.si\/wp-content\/uploads\/2019\/11\/spletna-trgovina-s-sadikami-flanca.png","article:published_time":"2021-04-16T11:10:05+00:00","article:modified_time":"2025-01-07T17:31:10+00:00","twitter:card":"summary_large_image","twitter:title":"Kr\u00e4uter- und Gem\u00fcsegarten \u2013 vrtne sadike FLANCA","twitter:description":"In der Vergangenheit wurden Kr\u00e4uter aufgrund von formell angelegten b\u00fcrgerlichen G\u00e4rten an den Rand des Gartens gedr\u00e4ngt. Oder sie wurden an einem bestimmten Ort platziert, wie D\u00fcfte. Schon in jungen Jahren wussten sie um ihre positiven Auswirkungen auf die Linderung gesundheitlicher Probleme. Heutzutage sind sie vor allem in der K\u00fcche und Kosmetik nicht mehr wegzudenken.","twitter:image":"https:\/\/flanca.si\/wp-content\/uploads\/2019\/11\/spletna-trgovina-s-sadikami-flanca.png"},"aioseo_meta_data":{"post_id":"15006","title":null,"description":null,"keywords":null,"keyphrases":null,"primary_term":null,"canonical_url":null,"og_title":null,"og_description":null,"og_object_type":"default","og_image_type":"default","og_image_url":null,"og_image_width":null,"og_image_height":null,"og_image_custom_url":null,"og_image_custom_fields":null,"og_video":null,"og_custom_url":null,"og_article_section":null,"og_article_tags":null,"twitter_use_og":false,"twitter_card":"default","twitter_image_type":"default","twitter_image_url":null,"twitter_image_custom_url":null,"twitter_image_custom_fields":null,"twitter_title":null,"twitter_description":null,"schema":{"blockGraphs":[],"customGraphs":[],"default":{"data":{"Article":[],"Course":[],"Dataset":[],"FAQPage":[],"Movie":[],"Person":[],"Product":[],"ProductReview":[],"Car":[],"Recipe":[],"Service":[],"SoftwareApplication":[],"WebPage":[]},"graphName":"","isEnabled":true},"graphs":[]},"schema_type":"default","schema_type_options":null,"pillar_content":false,"robots_default":true,"robots_noindex":false,"robots_noarchive":false,"robots_nosnippet":false,"robots_nofollow":false,"robots_noimageindex":false,"robots_noodp":false,"robots_notranslate":false,"robots_max_snippet":null,"robots_max_videopreview":null,"robots_max_imagepreview":"large","priority":null,"frequency":null,"local_seo":null,"breadcrumb_settings":null,"limit_modified_date":false,"ai":null,"created":"2025-01-07 17:31:07","updated":"2025-06-07 04:58:15","seo_analyzer_scan_date":null,"focus_keyword":null,"additional_keywords":null,"truseo_locale":null},"aioseo_breadcrumb":"<div class=\"aioseo-breadcrumbs\"><span class=\"aioseo-breadcrumb\">\n\t\t\t<a href=\"https:\/\/flanca.si\/de\/\" title=\"Domov\">Domov<\/a>\n\t\t<\/span><span class=\"aioseo-breadcrumb-separator\">\u00bb<\/span><span class=\"aioseo-breadcrumb\">\n\t\t\t<a href=\"https:\/\/flanca.si\/de\/category\/garten\/\" title=\"Garten\">Garten<\/a>\n\t\t<\/span><span class=\"aioseo-breadcrumb-separator\">\u00bb<\/span><span class=\"aioseo-breadcrumb\">\n\t\t\tKr\u00e4uter- und Gem\u00fcsegarten\n\t\t<\/span><\/div>","aioseo_breadcrumb_json":[{"label":"Domov","link":"https:\/\/flanca.si\/de\/"},{"label":"Garten","link":"https:\/\/flanca.si\/de\/category\/garten\/"},{"label":"Kr\u00e4uter- und Gem\u00fcsegarten","link":"https:\/\/flanca.si\/de\/kraeuter-und-gemuesegarten\/"}],"_links":{"self":[{"href":"https:\/\/flanca.si\/de\/wp-json\/wp\/v2\/posts\/15006","targetHints":{"allow":["GET"]}}],"collection":[{"href":"https:\/\/flanca.si\/de\/wp-json\/wp\/v2\/posts"}],"about":[{"href":"https:\/\/flanca.si\/de\/wp-json\/wp\/v2\/types\/post"}],"author":[{"embeddable":true,"href":"https:\/\/flanca.si\/de\/wp-json\/wp\/v2\/users\/3"}],"replies":[{"embeddable":true,"href":"https:\/\/flanca.si\/de\/wp-json\/wp\/v2\/comments?post=15006"}],"version-history":[{"count":0,"href":"https:\/\/flanca.si\/de\/wp-json\/wp\/v2\/posts\/15006\/revisions"}],"wp:featuredmedia":[{"embeddable":true,"href":"https:\/\/flanca.si\/de\/wp-json\/wp\/v2\/media\/13005"}],"wp:attachment":[{"href":"https:\/\/flanca.si\/de\/wp-json\/wp\/v2\/media?parent=15006"}],"wp:term":[{"taxonomy":"category","embeddable":true,"href":"https:\/\/flanca.si\/de\/wp-json\/wp\/v2\/categories?post=15006"},{"taxonomy":"post_tag","embeddable":true,"href":"https:\/\/flanca.si\/de\/wp-json\/wp\/v2\/tags?post=15006"}],"curies":[{"name":"wp","href":"https:\/\/api.w.org\/{rel}","templated":true}]}}