{"id":14815,"date":"2023-02-21T07:58:23","date_gmt":"2023-02-21T06:58:23","guid":{"rendered":"https:\/\/flanca.si\/lass-uns-kraeuter-pflanzen\/"},"modified":"2025-01-07T18:14:51","modified_gmt":"2025-01-07T17:14:51","slug":"lass-uns-kraeuter-pflanzen","status":"publish","type":"post","link":"https:\/\/flanca.si\/de\/lass-uns-kraeuter-pflanzen\/","title":{"rendered":"Lass uns Kr\u00e4uter pflanzen"},"content":{"rendered":"\n<div class=\"wp-block-columns is-layout-flex wp-container-core-columns-is-layout-7387b849 wp-block-columns-is-layout-flex\">\n<div class=\"wp-block-column is-layout-flow wp-block-column-is-layout-flow\" style=\"flex-basis:100%\">\n<div class=\"wp-block-image\"><figure class=\"alignright size-large is-resized\"><img fetchpriority=\"high\" decoding=\"async\" src=\"https:\/\/flanca.si\/wp-content\/uploads\/2023\/02\/zelisca_prva-1024x713.jpg\" alt=\"\" class=\"wp-image-7250\" width=\"495\" height=\"344\" srcset=\"https:\/\/flanca.si\/wp-content\/uploads\/2023\/02\/zelisca_prva-1024x713.jpg 1024w, https:\/\/flanca.si\/wp-content\/uploads\/2023\/02\/zelisca_prva-300x209.jpg 300w, https:\/\/flanca.si\/wp-content\/uploads\/2023\/02\/zelisca_prva-768x535.jpg 768w, https:\/\/flanca.si\/wp-content\/uploads\/2023\/02\/zelisca_prva-1536x1069.jpg 1536w, https:\/\/flanca.si\/wp-content\/uploads\/2023\/02\/zelisca_prva-600x418.jpg 600w, https:\/\/flanca.si\/wp-content\/uploads\/2023\/02\/zelisca_prva.jpg 1915w\" sizes=\"(max-width: 495px) 100vw, 495px\" \/><\/figure><\/div>\n\n\n\n<div class=\"wp-block-columns is-layout-flex wp-container-core-columns-is-layout-7387b849 wp-block-columns-is-layout-flex\">\n<div class=\"wp-block-column is-layout-flow wp-block-column-is-layout-flow\" style=\"flex-basis:100%\">\n<div class=\"wp-block-group is-layout-flow wp-block-group-is-layout-flow\">\n<blockquote class=\"wp-block-quote is-layout-flow wp-block-quote-is-layout-flow\"><p>Der Anbau von Kr\u00e4utern wird in unseren H\u00e4usern immer beliebter. Wir alle bedienen uns gerne mit frischen Aromen, trinken Kr\u00e4utertee oder ein erfrischendes Getr\u00e4nk. In G\u00e4rten sind sie n\u00fctzlich, um Best\u00e4uber anzulocken und Sch\u00e4dlinge abzuwehren. F\u00fcr die einen ist der Kr\u00e4utergarten ein voller Balken mit Mischpflanzen, f\u00fcr die anderen dekorative T\u00f6pfe auf der Fensterbank. Unentbehrliche Kr\u00e4uter sind Petersilie, Basilikum, Schnittlauch, Rosmarin und verschiedene Minzesorten.      <\/p><\/blockquote>\n<\/div>\n<\/div>\n<\/div>\n<\/div>\n<\/div>\n\n<h3 class=\"has-ast-global-color-8-color has-ast-global-color-5-background-color has-text-color has-background wp-block-heading\"><strong>Auswahl an Kr\u00e4utern<\/strong><\/h3>\n\n<div class=\"wp-block-columns is-layout-flex wp-container-core-columns-is-layout-7387b849 wp-block-columns-is-layout-flex\">\n<div class=\"wp-block-column is-layout-flow wp-block-column-is-layout-flow\" style=\"flex-basis:100%\">\n<div class=\"wp-block-image\"><figure class=\"alignright size-full is-resized\"><img decoding=\"async\" src=\"https:\/\/flanca.si\/wp-content\/uploads\/2023\/02\/zelisca_izbira.jpg\" alt=\"\" class=\"wp-image-7252\" width=\"296\" height=\"296\" srcset=\"https:\/\/flanca.si\/wp-content\/uploads\/2023\/02\/zelisca_izbira.jpg 600w, https:\/\/flanca.si\/wp-content\/uploads\/2023\/02\/zelisca_izbira-300x300.jpg 300w, https:\/\/flanca.si\/wp-content\/uploads\/2023\/02\/zelisca_izbira-150x150.jpg 150w, https:\/\/flanca.si\/wp-content\/uploads\/2023\/02\/zelisca_izbira-100x100.jpg 100w\" sizes=\"(max-width: 296px) 100vw, 296px\" \/><figcaption>Oben abgebildet: Dill, Rosmarin, Schnittlauch <br\/>Unten abgebildet: Petersilie, Curly Leaf Petersilie und Basilikum  <\/figcaption><\/figure><\/div>\n\n\n\n<div class=\"wp-block-columns is-layout-flex wp-container-core-columns-is-layout-7387b849 wp-block-columns-is-layout-flex\">\n<div class=\"wp-block-column is-layout-flow wp-block-column-is-layout-flow\" style=\"flex-basis:100%\">\n<blockquote class=\"wp-block-quote is-layout-flow wp-block-quote-is-layout-flow\"><p><br\/>Da das Angebot an Pflanzen, die zu den Kr\u00e4utern geh\u00f6ren, sehr vielf\u00e4ltig ist, sind auch die Anbauanleitungen von Art zu Art unterschiedlich. In unserem Online-Shop k\u00f6nnen Sie unter der Rubrik <a href=\"https:\/\/flanca.si\/kategorija-izdelka\/zelisca\/disavnice-zelisca\/\" data-type=\"URL\" data-id=\"https:\/\/flanca.si\/kategorija-izdelka\/disavnice-zelisca\/\">D\u00fcfte und Kr\u00e4uter<\/a> die Eigenschaften einzelner Pflanzen und Tipps f\u00fcr den Anbau nachlesen. Die Vielfalt der Gruppe erm\u00f6glicht es jedem von uns, Spezies zu finden, die seinem Geschmack und seinen Erziehungsf\u00e4higkeiten entsprechen. Kr\u00e4uter k\u00f6nnen im Garten, auf dem Balkon oder neben dem Haus angebaut werden; in Blumenbeeten oder in T\u00f6pfen. Es ist wichtig, unsere W\u00fcnsche und Bed\u00fcrfnisse mit den Bedingungen f\u00fcr Wachstum in Einklang zu bringen. Es ist w\u00fcnschenswert, dass Kr\u00e4uter bei der Zubereitung von Mahlzeiten schnell zur Hand sind. Liebhaber des Kochens k\u00f6nnen in unserem Online-Shop <a href=\"https:\/\/flanca.si\/de\/\" data-type=\"URL\" data-id=\"https:\/\/flanca.si\/de\/\"><strong>Flanca.si<\/strong><\/a> eine kulinarische Sammlung von Kr\u00e4utern (<a href=\"https:\/\/flanca.si\/kategorija-izdelka\/zelisca\/disavnice-zelisca\/?filter_vrsta=petersilj\" data-type=\"URL\" data-id=\"https:\/\/flanca.si\/kategorija-izdelka\/disavnice-zelisca\/?filter_vrsta=petersilj\">Petersilie<\/a>, <a href=\"https:\/\/flanca.si\/kategorija-izdelka\/zelisca\/disavnice-zelisca\/?filter_vrsta=zelena\" data-type=\"URL\" data-id=\"https:\/\/flanca.si\/kategorija-izdelka\/disavnice-zelisca\/?filter_vrsta=zelena\">Sellerie<\/a>, <a href=\"https:\/\/flanca.si\/de\/produkt\/schnittlauch\/\" data-type=\"URL\" data-id=\"https:\/\/flanca.si\/izdelek\/drobnjak\/\">Schnittlauch<\/a>, <a href=\"https:\/\/flanca.si\/kategorija-izdelka\/zelisca\/disavnice-zelisca\/?filter_vrsta=bazilika\" data-type=\"URL\" data-id=\"https:\/\/flanca.si\/kategorija-izdelka\/disavnice-zelisca\/?filter_vrsta=bazilika\">Basilikum<\/a>, <a href=\"https:\/\/flanca.si\/kategorija-izdelka\/zelisca\/disavnice-zelisca\/?filter_vrsta=timijan\" data-type=\"URL\" data-id=\"https:\/\/flanca.si\/kategorija-izdelka\/disavnice-zelisca\/?filter_vrsta=timijan\">Thymian<\/a>, <a href=\"https:\/\/flanca.si\/kategorija-izdelka\/zelisca\/disavnice-zelisca\/?filter_vrsta=origano\" data-type=\"URL\" data-id=\"https:\/\/flanca.si\/kategorija-izdelka\/disavnice-zelisca\/?filter_vrsta=origano\">Oregano<\/a>, <a href=\"https:\/\/flanca.si\/de\/produkt\/lustrek\/\" data-type=\"URL\" data-id=\"https:\/\/flanca.si\/izdelek\/lustrek\/\">Schalentiere<\/a>,&#8230;) zusammenstellen.       Teeliebhaber stellen ihre eigene Teemischung her (<a href=\"https:\/\/flanca.si\/kategorija-izdelka\/zelisca\/disavnice-zelisca\/?filter_vrsta=meta\" data-type=\"URL\" data-id=\"https:\/\/flanca.si\/kategorija-izdelka\/disavnice-zelisca\/?filter_vrsta=meta\">Minze<\/a>, <a href=\"https:\/\/flanca.si\/de\/produkt\/zitronenmelisse\/\" data-type=\"URL\" data-id=\"https:\/\/flanca.si\/izdelek\/citronska-melisa\/\">Melisse<\/a>, <a href=\"https:\/\/flanca.si\/de\/produkt\/thymian\/\" data-type=\"URL\" data-id=\"https:\/\/flanca.si\/izdelek\/materina-dusica\/\">Thymian<\/a>, <a href=\"https:\/\/flanca.si\/kategorija-izdelka\/zelisca\/disavnice-zelisca\/?filter_vrsta=timijan\" data-type=\"URL\" data-id=\"https:\/\/flanca.si\/kategorija-izdelka\/disavnice-zelisca\/?filter_vrsta=timijan\">Thymian<\/a>, <a href=\"https:\/\/flanca.si\/kategorija-izdelka\/zelisca\/disavnice-zelisca\/?filter_vrsta=zajbelj\" data-type=\"URL\" data-id=\"https:\/\/flanca.si\/kategorija-izdelka\/disavnice-zelisca\/?filter_vrsta=zajbelj\">Salbei<\/a>, <a href=\"https:\/\/flanca.si\/de\/produkt\/zitronenstrauch\/\" data-type=\"URL\" data-id=\"https:\/\/flanca.si\/izdelek\/citronska-verbena\/\">Eisenkraut<\/a>,&#8230;). W\u00e4hrend Imkerfreunde ihre Kr\u00e4uterkollektion aus Honigpflanzen (<a href=\"https:\/\/flanca.si\/de\/produkt\/lavendel\/\" data-type=\"URL\" data-id=\"https:\/\/flanca.si\/izdelek\/sivka\/\">Lavendel<\/a>, <a href=\"https:\/\/flanca.si\/kategorija-izdelka\/zelisca\/disavnice-zelisca\/?filter_vrsta=ameriski-slamnik\" data-type=\"URL\" data-id=\"https:\/\/flanca.si\/kategorija-izdelka\/disavnice-zelisca\/?filter_vrsta=ameriski-slamnik\">Erdbeere<\/a>, <a href=\"https:\/\/flanca.si\/de\/produkt\/calendula\/\" data-type=\"URL\" data-id=\"https:\/\/flanca.si\/izdelek\/ognjic\/\">Ringelblume<\/a>,&#8230;) zusammenstellen k\u00f6nnen, finden Sie diese auch in unserem Online-Shop Flanca.si. Nachdem Sie eine Liste von Pflanzen erstellt haben, kann der Kauf von Setzlingen schnell und einfach online direkt von Ihrem Sessel zu Hause aus erfolgen.    <\/p><\/blockquote>\n<\/div>\n<\/div>\n<\/div>\n<\/div>\n\n<h3 class=\"has-ast-global-color-5-background-color has-background wp-block-heading\"><strong>Ernte und Lagerung<\/strong><\/h3>\n\n<div class=\"wp-block-columns is-layout-flex wp-container-core-columns-is-layout-7387b849 wp-block-columns-is-layout-flex\">\n<div class=\"wp-block-column is-layout-flow wp-block-column-is-layout-flow\" style=\"flex-basis:100%\">\n<div class=\"wp-block-columns is-layout-flex wp-container-core-columns-is-layout-7387b849 wp-block-columns-is-layout-flex\">\n<div class=\"wp-block-column is-layout-flow wp-block-column-is-layout-flow\" style=\"flex-basis:100%\">\n<div class=\"wp-block-columns is-layout-flex wp-container-core-columns-is-layout-7387b849 wp-block-columns-is-layout-flex\">\n<div class=\"wp-block-column is-layout-flow wp-block-column-is-layout-flow\" style=\"flex-basis:50%\">\n<blockquote class=\"wp-block-quote is-layout-flow wp-block-quote-is-layout-flow\"><p>Um die Form zu erhalten und das Wachstum der jungen Triebe zu stimulieren, ist der R\u00fcckschnitt unabdingbar. Wenn die Kr\u00e4uter nicht regelm\u00e4\u00dfig geschnitten werden, werden die Pflanzen holzig, werden gro\u00df und einj\u00e4hrige Pflanzen bl\u00fchen. Einj\u00e4hrige Kr\u00e4uter werden nach und nach geschnitten, mehrj\u00e4hrige Kr\u00e4uter werden am Ende der Saison um etwa zwei Drittel zur\u00fcckgeschnitten. Kr\u00e4uter werden geerntet, wenn der Gehalt an Wirkstoffen am h\u00f6chsten ist. Die Bl\u00e4tter werden am Morgen geerntet, wenn der Tau trocknet und die Temperaturen noch nicht zu hoch sind. Nach der Ernte werden sie gewaschen und f\u00fcr die Lagerung vorbereitet. Sie werden meistens getrocknet oder gefroren, k\u00f6nnen aber auch in \u00d6l gelagert oder mit etwas Pesto zubereitet werden. Kr\u00e4uter werden nicht in der Sonne getrocknet. Sie k\u00f6nnen zu B\u00fcndeln gebunden und an einem schattigen Ort aufgeh\u00e4ngt, in einer Kiste oder auf einem Tisch getrocknet werden. Falls sie nicht vollst\u00e4ndig trocknen, k\u00f6nnen sie auch im Ofen bis zu 40\u00b0C getrocknet werden (bei einer h\u00f6heren Temperatur verdampfen \u00e4therische \u00d6le). Trockene Kr\u00e4uter werden in Gl\u00e4sern oder Schachteln gelagert und innerhalb eines Jahres verzehrt.            <\/p><\/blockquote>\n<\/div>\n\n\n\n<div class=\"wp-block-column is-layout-flow wp-block-column-is-layout-flow\" style=\"flex-basis:50%\">\n<figure class=\"wp-block-image size-large is-resized is-style-rounded\"><img decoding=\"async\" src=\"https:\/\/flanca.si\/wp-content\/uploads\/2023\/02\/zelisca_rez-1-1024x786.jpg\" alt=\"\" class=\"wp-image-7276\" width=\"503\" height=\"386\" srcset=\"https:\/\/flanca.si\/wp-content\/uploads\/2023\/02\/zelisca_rez-1-1024x786.jpg 1024w, https:\/\/flanca.si\/wp-content\/uploads\/2023\/02\/zelisca_rez-1-300x230.jpg 300w, https:\/\/flanca.si\/wp-content\/uploads\/2023\/02\/zelisca_rez-1-768x589.jpg 768w, https:\/\/flanca.si\/wp-content\/uploads\/2023\/02\/zelisca_rez-1-1536x1178.jpg 1536w, https:\/\/flanca.si\/wp-content\/uploads\/2023\/02\/zelisca_rez-1-600x460.jpg 600w, https:\/\/flanca.si\/wp-content\/uploads\/2023\/02\/zelisca_rez-1.jpg 1761w\" sizes=\"(max-width: 503px) 100vw, 503px\" \/><\/figure>\n<\/div>\n<\/div>\n<\/div>\n<\/div>\n<\/div>\n<\/div>\n\n<h3 class=\"wp-block-heading\"><strong>Wachsend<\/strong><\/h3>\n\n<div class=\"wp-block-image\"><figure class=\"alignleft size-large is-resized\"><img loading=\"lazy\" decoding=\"async\" src=\"https:\/\/flanca.si\/wp-content\/uploads\/2023\/02\/zelisca_kozarci-1024x743.jpg\" alt=\"\" class=\"wp-image-7256\" width=\"325\" height=\"236\" srcset=\"https:\/\/flanca.si\/wp-content\/uploads\/2023\/02\/zelisca_kozarci-1024x743.jpg 1024w, https:\/\/flanca.si\/wp-content\/uploads\/2023\/02\/zelisca_kozarci-300x218.jpg 300w, https:\/\/flanca.si\/wp-content\/uploads\/2023\/02\/zelisca_kozarci-768x558.jpg 768w, https:\/\/flanca.si\/wp-content\/uploads\/2023\/02\/zelisca_kozarci-600x436.jpg 600w, https:\/\/flanca.si\/wp-content\/uploads\/2023\/02\/zelisca_kozarci.jpg 1460w\" sizes=\"(max-width: 325px) 100vw, 325px\" \/><figcaption>Kr\u00e4uter k\u00f6nnen in leere Gl\u00e4ser gepflanzt werden.<\/figcaption><\/figure><\/div>\n\n<div class=\"wp-block-group is-layout-flow wp-block-group-is-layout-flow\">\n<blockquote class=\"wp-block-quote is-layout-flow wp-block-quote-is-layout-flow\"><p><br\/>Kr\u00e4uter werden meist an sonnigen Orten mit leicht lockerem Boden gepflanzt. Unter solchen Bedingungen werden die Aromen intensiver. F\u00fcr den Anbau von Kr\u00e4utern empfiehlt es sich, ein etwas durchl\u00e4ssigeres und durchl\u00e4ssigeres Substrat zu w\u00e4hlen. Wenn Sie sich entscheiden, sie in einem Gartenbeet anzubauen, empfehlen wir Ihnen, ein leicht erh\u00f6htes Beet anzulegen, damit \u00fcbersch\u00fcssiges Wasser leichter abflie\u00dfen kann. Die \u00fcberwiegende Mehrheit der Kr\u00e4uter geh\u00f6rt zu den Stauden. Das bedeutet, dass sie viele Jahre lang den gew\u00e4hlten Platz in Ihrem Garten einnehmen werden. Beim Pflanzen von Kr\u00e4utern im Garten empfehlen wir Ihnen, vor allem bei Minze und Melisse, deren Wachstum zu begrenzen und so ein unkontrolliertes Wachstum auf dem Beet zu verhindern. Bei den meisten Arten ist eine Zucht nicht notwendig. Die Ausnahme bilden Kr\u00e4uter, die um der Blume willen angebaut werden.        <\/p><\/blockquote>\n<\/div>\n\n<blockquote class=\"wp-block-quote is-layout-flow wp-block-quote-is-layout-flow\"><p>Bei der Auswahl eines Ortes f\u00fcr den Anbau von Kr\u00e4utern kann man viel mehr Fantasie einsetzen. Sie k\u00f6nnen in Gartenbeeten, Zierbeeten, Balkontr\u00f6gen, in Kombination mit Zierpflanzen, in T\u00f6pfen, Ziert\u00f6pfen usw. gepflanzt werden. Bei Blumenbeeten k\u00f6nnen wir auch mit verschiedenen Formen spielen (rund, dreieckig, spiralf\u00f6rmig&#8230;  <\/p><\/blockquote>\n\n<p class=\"wp-block-paragraph\"><\/p>\n\n<div class=\"wp-block-buttons is-layout-flex wp-block-buttons-is-layout-flex\">\n<div class=\"wp-block-button\"><a class=\"wp-block-button__link\" href=\"https:\/\/flanca.si\/de\/\">Betreten Sie den Online-Shop<\/a><\/div>\n<\/div>\n","protected":false},"excerpt":{"rendered":"<p>Der Anbau von Kr\u00e4utern wird in unseren H\u00e4usern immer beliebter. Wir alle bedienen uns gerne mit frischen Aromen, trinken Kr\u00e4utertee oder ein erfrischendes Getr\u00e4nk. In G\u00e4rten sind sie n\u00fctzlich, um Best\u00e4uber anzulocken und Sch\u00e4dlinge abzuwehren. F\u00fcr die einen ist der Kr\u00e4utergarten ein voller Balken mit Mischpflanzen, f\u00fcr die anderen dekorative [&hellip;]<\/p>\n","protected":false},"author":3,"featured_media":13524,"comment_status":"closed","ping_status":"open","sticky":false,"template":"","format":"standard","meta":{"site-sidebar-layout":"default","site-content-layout":"default","ast-site-content-layout":"default","site-content-style":"default","site-sidebar-style":"default","ast-global-header-display":"","ast-banner-title-visibility":"","ast-main-header-display":"","ast-hfb-above-header-display":"","ast-hfb-below-header-display":"","ast-hfb-mobile-header-display":"","site-post-title":"","ast-breadcrumbs-content":"","ast-featured-img":"","footer-sml-layout":"","ast-disable-related-posts":"","theme-transparent-header-meta":"default","adv-header-id-meta":"","stick-header-meta":"default","header-above-stick-meta":"","header-main-stick-meta":"","header-below-stick-meta":"","astra-migrate-meta-layouts":"default","ast-page-background-enabled":"default","ast-page-background-meta":{"desktop":{"background-color":"","background-image":"","background-repeat":"repeat","background-position":"center center","background-size":"auto","background-attachment":"scroll","background-type":"","background-media":"","overlay-type":"","overlay-color":"","overlay-opacity":"","overlay-gradient":""},"tablet":{"background-color":"","background-image":"","background-repeat":"repeat","background-position":"center center","background-size":"auto","background-attachment":"scroll","background-type":"","background-media":"","overlay-type":"","overlay-color":"","overlay-opacity":"","overlay-gradient":""},"mobile":{"background-color":"","background-image":"","background-repeat":"repeat","background-position":"center center","background-size":"auto","background-attachment":"scroll","background-type":"","background-media":"","overlay-type":"","overlay-color":"","overlay-opacity":"","overlay-gradient":""}},"ast-content-background-meta":{"desktop":{"background-color":"var(--ast-global-color-5)","background-image":"","background-repeat":"repeat","background-position":"center center","background-size":"auto","background-attachment":"scroll","background-type":"","background-media":"","overlay-type":"","overlay-color":"","overlay-opacity":"","overlay-gradient":""},"tablet":{"background-color":"var(--ast-global-color-5)","background-image":"","background-repeat":"repeat","background-position":"center center","background-size":"auto","background-attachment":"scroll","background-type":"","background-media":"","overlay-type":"","overlay-color":"","overlay-opacity":"","overlay-gradient":""},"mobile":{"background-color":"var(--ast-global-color-5)","background-image":"","background-repeat":"repeat","background-position":"center center","background-size":"auto","background-attachment":"scroll","background-type":"","background-media":"","overlay-type":"","overlay-color":"","overlay-opacity":"","overlay-gradient":""}},"footnotes":""},"categories":[897,905],"tags":[947],"class_list":["post-14815","post","type-post","status-publish","format-standard","has-post-thumbnail","hentry","category-garten","category-krauter","tag-anbau-auf-dem-balkon"],"aioseo_notices":[],"aioseo_head":"\n\t\t<!-- All in One SEO 5.0.1.1 - aioseo.com -->\n\t<meta name=\"description\" content=\"Der Anbau von Kr\u00e4utern wird in unseren H\u00e4usern immer beliebter. Wir alle bedienen uns gerne mit frischen Aromen, trinken Kr\u00e4utertee oder ein erfrischendes Getr\u00e4nk. In G\u00e4rten sind sie n\u00fctzlich, um Best\u00e4uber anzulocken und Sch\u00e4dlinge abzuwehren. F\u00fcr die einen ist der Kr\u00e4utergarten ein voller Balken mit Mischpflanzen, f\u00fcr die anderen dekorative T\u00f6pfe auf der Fensterbank. Unentbehrliche\" \/>\n\t<meta name=\"robots\" content=\"max-image-preview:large\" \/>\n\t<meta name=\"author\" content=\"Jana Globo\u010dnik\"\/>\n\t<meta name=\"google-site-verification\" content=\"1sO6GOIbhijVyOhvBZZbOsEVADo4T9w2a7D2KDR6zVI\" \/>\n\t<link rel=\"canonical\" href=\"https:\/\/flanca.si\/de\/lass-uns-kraeuter-pflanzen\/\" \/>\n\t<meta name=\"generator\" content=\"All in One SEO (AIOSEO) 5.0.1.1\" \/>\n\t\t<meta property=\"og:locale\" content=\"de_DE\" \/>\n\t\t<meta property=\"og:site_name\" content=\"vrtne sadike FLANCA \u2013 Prodaja vrtnih sadik in ostale opreme\" \/>\n\t\t<meta property=\"og:type\" content=\"article\" \/>\n\t\t<meta property=\"og:title\" content=\"Lass uns Kr\u00e4uter pflanzen \u2013 vrtne sadike FLANCA\" \/>\n\t\t<meta property=\"og:description\" content=\"Der Anbau von Kr\u00e4utern wird in unseren H\u00e4usern immer beliebter. Wir alle bedienen uns gerne mit frischen Aromen, trinken Kr\u00e4utertee oder ein erfrischendes Getr\u00e4nk. In G\u00e4rten sind sie n\u00fctzlich, um Best\u00e4uber anzulocken und Sch\u00e4dlinge abzuwehren. F\u00fcr die einen ist der Kr\u00e4utergarten ein voller Balken mit Mischpflanzen, f\u00fcr die anderen dekorative T\u00f6pfe auf der Fensterbank. Unentbehrliche\" \/>\n\t\t<meta property=\"og:url\" content=\"https:\/\/flanca.si\/de\/lass-uns-kraeuter-pflanzen\/\" \/>\n\t\t<meta property=\"og:image\" content=\"https:\/\/flanca.si\/wp-content\/uploads\/2019\/11\/spletna-trgovina-s-sadikami-flanca.png\" \/>\n\t\t<meta property=\"og:image:secure_url\" content=\"https:\/\/flanca.si\/wp-content\/uploads\/2019\/11\/spletna-trgovina-s-sadikami-flanca.png\" \/>\n\t\t<meta property=\"article:published_time\" content=\"2023-02-21T06:58:23+00:00\" \/>\n\t\t<meta property=\"article:modified_time\" content=\"2025-01-07T17:14:51+00:00\" \/>\n\t\t<meta name=\"twitter:card\" content=\"summary_large_image\" \/>\n\t\t<meta name=\"twitter:title\" content=\"Lass uns Kr\u00e4uter pflanzen \u2013 vrtne sadike FLANCA\" \/>\n\t\t<meta name=\"twitter:description\" content=\"Der Anbau von Kr\u00e4utern wird in unseren H\u00e4usern immer beliebter. Wir alle bedienen uns gerne mit frischen Aromen, trinken Kr\u00e4utertee oder ein erfrischendes Getr\u00e4nk. In G\u00e4rten sind sie n\u00fctzlich, um Best\u00e4uber anzulocken und Sch\u00e4dlinge abzuwehren. F\u00fcr die einen ist der Kr\u00e4utergarten ein voller Balken mit Mischpflanzen, f\u00fcr die anderen dekorative T\u00f6pfe auf der Fensterbank. Unentbehrliche\" \/>\n\t\t<meta name=\"twitter:image\" content=\"https:\/\/flanca.si\/wp-content\/uploads\/2019\/11\/spletna-trgovina-s-sadikami-flanca.png\" \/>\n\t\t<script type=\"application\/ld+json\" class=\"aioseo-schema\">\n\t\t\t{\"@context\":\"https:\\\/\\\/schema.org\",\"@graph\":[{\"@type\":\"BlogPosting\",\"@id\":\"https:\\\/\\\/flanca.si\\\/de\\\/lass-uns-kraeuter-pflanzen\\\/#blogposting\",\"name\":\"Lass uns Kr\\u00e4uter pflanzen \\u2013 vrtne sadike FLANCA\",\"headline\":\"Lass uns Kr\\u00e4uter pflanzen\",\"author\":{\"@id\":\"https:\\\/\\\/flanca.si\\\/de\\\/author\\\/jana\\\/#author\"},\"publisher\":{\"@id\":\"https:\\\/\\\/flanca.si\\\/de\\\/#organization\"},\"image\":{\"@type\":\"ImageObject\",\"url\":\"https:\\\/\\\/flanca.si\\\/wp-content\\\/uploads\\\/2023\\\/02\\\/zelisca-naslovna.jpg\",\"width\":1905,\"height\":433},\"datePublished\":\"2023-02-21T07:58:23+01:00\",\"dateModified\":\"2025-01-07T18:14:51+01:00\",\"inLanguage\":\"de-DE\",\"mainEntityOfPage\":{\"@id\":\"https:\\\/\\\/flanca.si\\\/de\\\/lass-uns-kraeuter-pflanzen\\\/#webpage\"},\"isPartOf\":{\"@id\":\"https:\\\/\\\/flanca.si\\\/de\\\/lass-uns-kraeuter-pflanzen\\\/#webpage\"},\"articleSection\":\"Garten, Kr\\u00e4uter, Anbau auf dem Balkon\"},{\"@type\":\"BreadcrumbList\",\"@id\":\"https:\\\/\\\/flanca.si\\\/de\\\/lass-uns-kraeuter-pflanzen\\\/#breadcrumblist\",\"itemListElement\":[{\"@type\":\"ListItem\",\"@id\":\"https:\\\/\\\/flanca.si\\\/de\\\/#listItem\",\"position\":1,\"name\":\"Domov\",\"item\":\"https:\\\/\\\/flanca.si\\\/de\\\/\",\"nextItem\":{\"@type\":\"ListItem\",\"@id\":\"https:\\\/\\\/flanca.si\\\/de\\\/category\\\/garten\\\/#listItem\",\"name\":\"Garten\"}},{\"@type\":\"ListItem\",\"@id\":\"https:\\\/\\\/flanca.si\\\/de\\\/category\\\/garten\\\/#listItem\",\"position\":2,\"name\":\"Garten\",\"item\":\"https:\\\/\\\/flanca.si\\\/de\\\/category\\\/garten\\\/\",\"nextItem\":{\"@type\":\"ListItem\",\"@id\":\"https:\\\/\\\/flanca.si\\\/de\\\/lass-uns-kraeuter-pflanzen\\\/#listItem\",\"name\":\"Lass uns Kr\\u00e4uter pflanzen\"},\"previousItem\":{\"@type\":\"ListItem\",\"@id\":\"https:\\\/\\\/flanca.si\\\/de\\\/#listItem\",\"name\":\"Domov\"}},{\"@type\":\"ListItem\",\"@id\":\"https:\\\/\\\/flanca.si\\\/de\\\/lass-uns-kraeuter-pflanzen\\\/#listItem\",\"position\":3,\"name\":\"Lass uns Kr\\u00e4uter pflanzen\",\"previousItem\":{\"@type\":\"ListItem\",\"@id\":\"https:\\\/\\\/flanca.si\\\/de\\\/category\\\/garten\\\/#listItem\",\"name\":\"Garten\"}}]},{\"@type\":\"Organization\",\"@id\":\"https:\\\/\\\/flanca.si\\\/de\\\/#organization\",\"name\":\"vrtne sadike FLANCA\",\"description\":\"Prodaja vrtnih sadik in ostale opreme\",\"url\":\"https:\\\/\\\/flanca.si\\\/de\\\/\",\"logo\":{\"@type\":\"ImageObject\",\"url\":\"https:\\\/\\\/flanca.si\\\/wp-content\\\/uploads\\\/2019\\\/11\\\/spletna-trgovina-s-sadikami-flanca.png\",\"@id\":\"https:\\\/\\\/flanca.si\\\/de\\\/lass-uns-kraeuter-pflanzen\\\/#organizationLogo\",\"width\":151,\"height\":50,\"caption\":\"spletna trgovina s sadikami FLANCA\"},\"image\":{\"@id\":\"https:\\\/\\\/flanca.si\\\/de\\\/lass-uns-kraeuter-pflanzen\\\/#organizationLogo\"}},{\"@type\":\"Person\",\"@id\":\"https:\\\/\\\/flanca.si\\\/de\\\/author\\\/jana\\\/#author\",\"url\":\"https:\\\/\\\/flanca.si\\\/de\\\/author\\\/jana\\\/\",\"name\":\"Jana Globo\\u010dnik\",\"image\":{\"@type\":\"ImageObject\",\"@id\":\"https:\\\/\\\/flanca.si\\\/de\\\/lass-uns-kraeuter-pflanzen\\\/#authorImage\",\"url\":\"https:\\\/\\\/flanca.si\\\/wp-content\\\/litespeed\\\/avatar\\\/82d8a3f6e7b669e4fbb18755fd8d5c5c.jpg?ver=1788548908\",\"width\":96,\"height\":96,\"caption\":\"Jana Globo\\u010dnik\"}},{\"@type\":\"WebPage\",\"@id\":\"https:\\\/\\\/flanca.si\\\/de\\\/lass-uns-kraeuter-pflanzen\\\/#webpage\",\"url\":\"https:\\\/\\\/flanca.si\\\/de\\\/lass-uns-kraeuter-pflanzen\\\/\",\"name\":\"Lass uns Kr\\u00e4uter pflanzen \\u2013 vrtne sadike FLANCA\",\"description\":\"Der Anbau von Kr\\u00e4utern wird in unseren H\\u00e4usern immer beliebter. Wir alle bedienen uns gerne mit frischen Aromen, trinken Kr\\u00e4utertee oder ein erfrischendes Getr\\u00e4nk. In G\\u00e4rten sind sie n\\u00fctzlich, um Best\\u00e4uber anzulocken und Sch\\u00e4dlinge abzuwehren. F\\u00fcr die einen ist der Kr\\u00e4utergarten ein voller Balken mit Mischpflanzen, f\\u00fcr die anderen dekorative T\\u00f6pfe auf der Fensterbank. Unentbehrliche\",\"inLanguage\":\"de-DE\",\"isPartOf\":{\"@id\":\"https:\\\/\\\/flanca.si\\\/de\\\/#website\"},\"breadcrumb\":{\"@id\":\"https:\\\/\\\/flanca.si\\\/de\\\/lass-uns-kraeuter-pflanzen\\\/#breadcrumblist\"},\"author\":{\"@id\":\"https:\\\/\\\/flanca.si\\\/de\\\/author\\\/jana\\\/#author\"},\"creator\":{\"@id\":\"https:\\\/\\\/flanca.si\\\/de\\\/author\\\/jana\\\/#author\"},\"image\":{\"@type\":\"ImageObject\",\"url\":\"https:\\\/\\\/flanca.si\\\/wp-content\\\/uploads\\\/2023\\\/02\\\/zelisca-naslovna.jpg\",\"@id\":\"https:\\\/\\\/flanca.si\\\/de\\\/lass-uns-kraeuter-pflanzen\\\/#mainImage\",\"width\":1905,\"height\":433},\"primaryImageOfPage\":{\"@id\":\"https:\\\/\\\/flanca.si\\\/de\\\/lass-uns-kraeuter-pflanzen\\\/#mainImage\"},\"datePublished\":\"2023-02-21T07:58:23+01:00\",\"dateModified\":\"2025-01-07T18:14:51+01:00\"},{\"@type\":\"WebSite\",\"@id\":\"https:\\\/\\\/flanca.si\\\/de\\\/#website\",\"url\":\"https:\\\/\\\/flanca.si\\\/de\\\/\",\"name\":\"vrtne sadike FLANCA\",\"description\":\"Prodaja vrtnih sadik in ostale opreme\",\"inLanguage\":\"de-DE\",\"publisher\":{\"@id\":\"https:\\\/\\\/flanca.si\\\/de\\\/#organization\"}}]}\n\t\t<\/script>\n\t\t<!-- All in One SEO -->\n\n","aioseo_head_json":{"title":"Lass uns Kr\u00e4uter pflanzen \u2013 vrtne sadike FLANCA","description":"Der Anbau von Kr\u00e4utern wird in unseren H\u00e4usern immer beliebter. Wir alle bedienen uns gerne mit frischen Aromen, trinken Kr\u00e4utertee oder ein erfrischendes Getr\u00e4nk. In G\u00e4rten sind sie n\u00fctzlich, um Best\u00e4uber anzulocken und Sch\u00e4dlinge abzuwehren. F\u00fcr die einen ist der Kr\u00e4utergarten ein voller Balken mit Mischpflanzen, f\u00fcr die anderen dekorative T\u00f6pfe auf der Fensterbank. Unentbehrliche","canonical_url":"https:\/\/flanca.si\/de\/lass-uns-kraeuter-pflanzen\/","robots":"max-image-preview:large","keywords":"","webmasterTools":{"google-site-verification":"1sO6GOIbhijVyOhvBZZbOsEVADo4T9w2a7D2KDR6zVI","miscellaneous":""},"schema":{"@context":"https:\/\/schema.org","@graph":[{"@type":"BlogPosting","@id":"https:\/\/flanca.si\/de\/lass-uns-kraeuter-pflanzen\/#blogposting","name":"Lass uns Kr\u00e4uter pflanzen \u2013 vrtne sadike FLANCA","headline":"Lass uns Kr\u00e4uter pflanzen","author":{"@id":"https:\/\/flanca.si\/de\/author\/jana\/#author"},"publisher":{"@id":"https:\/\/flanca.si\/de\/#organization"},"image":{"@type":"ImageObject","url":"https:\/\/flanca.si\/wp-content\/uploads\/2023\/02\/zelisca-naslovna.jpg","width":1905,"height":433},"datePublished":"2023-02-21T07:58:23+01:00","dateModified":"2025-01-07T18:14:51+01:00","inLanguage":"de-DE","mainEntityOfPage":{"@id":"https:\/\/flanca.si\/de\/lass-uns-kraeuter-pflanzen\/#webpage"},"isPartOf":{"@id":"https:\/\/flanca.si\/de\/lass-uns-kraeuter-pflanzen\/#webpage"},"articleSection":"Garten, Kr\u00e4uter, Anbau auf dem Balkon"},{"@type":"BreadcrumbList","@id":"https:\/\/flanca.si\/de\/lass-uns-kraeuter-pflanzen\/#breadcrumblist","itemListElement":[{"@type":"ListItem","@id":"https:\/\/flanca.si\/de\/#listItem","position":1,"name":"Domov","item":"https:\/\/flanca.si\/de\/","nextItem":{"@type":"ListItem","@id":"https:\/\/flanca.si\/de\/category\/garten\/#listItem","name":"Garten"}},{"@type":"ListItem","@id":"https:\/\/flanca.si\/de\/category\/garten\/#listItem","position":2,"name":"Garten","item":"https:\/\/flanca.si\/de\/category\/garten\/","nextItem":{"@type":"ListItem","@id":"https:\/\/flanca.si\/de\/lass-uns-kraeuter-pflanzen\/#listItem","name":"Lass uns Kr\u00e4uter pflanzen"},"previousItem":{"@type":"ListItem","@id":"https:\/\/flanca.si\/de\/#listItem","name":"Domov"}},{"@type":"ListItem","@id":"https:\/\/flanca.si\/de\/lass-uns-kraeuter-pflanzen\/#listItem","position":3,"name":"Lass uns Kr\u00e4uter pflanzen","previousItem":{"@type":"ListItem","@id":"https:\/\/flanca.si\/de\/category\/garten\/#listItem","name":"Garten"}}]},{"@type":"Organization","@id":"https:\/\/flanca.si\/de\/#organization","name":"vrtne sadike FLANCA","description":"Prodaja vrtnih sadik in ostale opreme","url":"https:\/\/flanca.si\/de\/","logo":{"@type":"ImageObject","url":"https:\/\/flanca.si\/wp-content\/uploads\/2019\/11\/spletna-trgovina-s-sadikami-flanca.png","@id":"https:\/\/flanca.si\/de\/lass-uns-kraeuter-pflanzen\/#organizationLogo","width":151,"height":50,"caption":"spletna trgovina s sadikami FLANCA"},"image":{"@id":"https:\/\/flanca.si\/de\/lass-uns-kraeuter-pflanzen\/#organizationLogo"}},{"@type":"Person","@id":"https:\/\/flanca.si\/de\/author\/jana\/#author","url":"https:\/\/flanca.si\/de\/author\/jana\/","name":"Jana Globo\u010dnik","image":{"@type":"ImageObject","@id":"https:\/\/flanca.si\/de\/lass-uns-kraeuter-pflanzen\/#authorImage","url":"https:\/\/flanca.si\/wp-content\/litespeed\/avatar\/82d8a3f6e7b669e4fbb18755fd8d5c5c.jpg?ver=1788548908","width":96,"height":96,"caption":"Jana Globo\u010dnik"}},{"@type":"WebPage","@id":"https:\/\/flanca.si\/de\/lass-uns-kraeuter-pflanzen\/#webpage","url":"https:\/\/flanca.si\/de\/lass-uns-kraeuter-pflanzen\/","name":"Lass uns Kr\u00e4uter pflanzen \u2013 vrtne sadike FLANCA","description":"Der Anbau von Kr\u00e4utern wird in unseren H\u00e4usern immer beliebter. Wir alle bedienen uns gerne mit frischen Aromen, trinken Kr\u00e4utertee oder ein erfrischendes Getr\u00e4nk. In G\u00e4rten sind sie n\u00fctzlich, um Best\u00e4uber anzulocken und Sch\u00e4dlinge abzuwehren. F\u00fcr die einen ist der Kr\u00e4utergarten ein voller Balken mit Mischpflanzen, f\u00fcr die anderen dekorative T\u00f6pfe auf der Fensterbank. Unentbehrliche","inLanguage":"de-DE","isPartOf":{"@id":"https:\/\/flanca.si\/de\/#website"},"breadcrumb":{"@id":"https:\/\/flanca.si\/de\/lass-uns-kraeuter-pflanzen\/#breadcrumblist"},"author":{"@id":"https:\/\/flanca.si\/de\/author\/jana\/#author"},"creator":{"@id":"https:\/\/flanca.si\/de\/author\/jana\/#author"},"image":{"@type":"ImageObject","url":"https:\/\/flanca.si\/wp-content\/uploads\/2023\/02\/zelisca-naslovna.jpg","@id":"https:\/\/flanca.si\/de\/lass-uns-kraeuter-pflanzen\/#mainImage","width":1905,"height":433},"primaryImageOfPage":{"@id":"https:\/\/flanca.si\/de\/lass-uns-kraeuter-pflanzen\/#mainImage"},"datePublished":"2023-02-21T07:58:23+01:00","dateModified":"2025-01-07T18:14:51+01:00"},{"@type":"WebSite","@id":"https:\/\/flanca.si\/de\/#website","url":"https:\/\/flanca.si\/de\/","name":"vrtne sadike FLANCA","description":"Prodaja vrtnih sadik in ostale opreme","inLanguage":"de-DE","publisher":{"@id":"https:\/\/flanca.si\/de\/#organization"}}]},"og:locale":"de_DE","og:site_name":"vrtne sadike FLANCA \u2013 Prodaja vrtnih sadik in ostale opreme","og:type":"article","og:title":"Lass uns Kr\u00e4uter pflanzen \u2013 vrtne sadike FLANCA","og:description":"Der Anbau von Kr\u00e4utern wird in unseren H\u00e4usern immer beliebter. Wir alle bedienen uns gerne mit frischen Aromen, trinken Kr\u00e4utertee oder ein erfrischendes Getr\u00e4nk. In G\u00e4rten sind sie n\u00fctzlich, um Best\u00e4uber anzulocken und Sch\u00e4dlinge abzuwehren. F\u00fcr die einen ist der Kr\u00e4utergarten ein voller Balken mit Mischpflanzen, f\u00fcr die anderen dekorative T\u00f6pfe auf der Fensterbank. Unentbehrliche","og:url":"https:\/\/flanca.si\/de\/lass-uns-kraeuter-pflanzen\/","og:image":"https:\/\/flanca.si\/wp-content\/uploads\/2019\/11\/spletna-trgovina-s-sadikami-flanca.png","og:image:secure_url":"https:\/\/flanca.si\/wp-content\/uploads\/2019\/11\/spletna-trgovina-s-sadikami-flanca.png","article:published_time":"2023-02-21T06:58:23+00:00","article:modified_time":"2025-01-07T17:14:51+00:00","twitter:card":"summary_large_image","twitter:title":"Lass uns Kr\u00e4uter pflanzen \u2013 vrtne sadike FLANCA","twitter:description":"Der Anbau von Kr\u00e4utern wird in unseren H\u00e4usern immer beliebter. Wir alle bedienen uns gerne mit frischen Aromen, trinken Kr\u00e4utertee oder ein erfrischendes Getr\u00e4nk. In G\u00e4rten sind sie n\u00fctzlich, um Best\u00e4uber anzulocken und Sch\u00e4dlinge abzuwehren. F\u00fcr die einen ist der Kr\u00e4utergarten ein voller Balken mit Mischpflanzen, f\u00fcr die anderen dekorative T\u00f6pfe auf der Fensterbank. Unentbehrliche","twitter:image":"https:\/\/flanca.si\/wp-content\/uploads\/2019\/11\/spletna-trgovina-s-sadikami-flanca.png"},"aioseo_meta_data":{"post_id":"14815","title":null,"description":null,"keywords":null,"keyphrases":null,"primary_term":null,"canonical_url":null,"og_title":null,"og_description":null,"og_object_type":"default","og_image_type":"default","og_image_url":null,"og_image_width":null,"og_image_height":null,"og_image_custom_url":null,"og_image_custom_fields":null,"og_video":null,"og_custom_url":null,"og_article_section":null,"og_article_tags":null,"twitter_use_og":false,"twitter_card":"default","twitter_image_type":"default","twitter_image_url":null,"twitter_image_custom_url":null,"twitter_image_custom_fields":null,"twitter_title":null,"twitter_description":null,"schema":{"blockGraphs":[],"customGraphs":[],"default":{"data":{"Article":[],"Course":[],"Dataset":[],"FAQPage":[],"Movie":[],"Person":[],"Product":[],"ProductReview":[],"Car":[],"Recipe":[],"Service":[],"SoftwareApplication":[],"WebPage":[]},"graphName":"","isEnabled":true},"graphs":[]},"schema_type":"default","schema_type_options":null,"pillar_content":false,"robots_default":true,"robots_noindex":false,"robots_noarchive":false,"robots_nosnippet":false,"robots_nofollow":false,"robots_noimageindex":false,"robots_noodp":false,"robots_notranslate":false,"robots_max_snippet":null,"robots_max_videopreview":null,"robots_max_imagepreview":"large","priority":null,"frequency":null,"local_seo":null,"breadcrumb_settings":null,"limit_modified_date":false,"ai":null,"created":"2025-01-07 17:14:51","updated":"2025-06-07 04:59:59","seo_analyzer_scan_date":null,"focus_keyword":null,"additional_keywords":null,"truseo_locale":null},"aioseo_breadcrumb":"<div class=\"aioseo-breadcrumbs\"><span class=\"aioseo-breadcrumb\">\n\t\t\t<a href=\"https:\/\/flanca.si\/de\/\" title=\"Domov\">Domov<\/a>\n\t\t<\/span><span class=\"aioseo-breadcrumb-separator\">\u00bb<\/span><span class=\"aioseo-breadcrumb\">\n\t\t\t<a href=\"https:\/\/flanca.si\/de\/category\/garten\/\" title=\"Garten\">Garten<\/a>\n\t\t<\/span><span class=\"aioseo-breadcrumb-separator\">\u00bb<\/span><span class=\"aioseo-breadcrumb\">\n\t\t\tLass uns Kr\u00e4uter pflanzen\n\t\t<\/span><\/div>","aioseo_breadcrumb_json":[{"label":"Domov","link":"https:\/\/flanca.si\/de\/"},{"label":"Garten","link":"https:\/\/flanca.si\/de\/category\/garten\/"},{"label":"Lass uns Kr\u00e4uter pflanzen","link":"https:\/\/flanca.si\/de\/lass-uns-kraeuter-pflanzen\/"}],"_links":{"self":[{"href":"https:\/\/flanca.si\/de\/wp-json\/wp\/v2\/posts\/14815","targetHints":{"allow":["GET"]}}],"collection":[{"href":"https:\/\/flanca.si\/de\/wp-json\/wp\/v2\/posts"}],"about":[{"href":"https:\/\/flanca.si\/de\/wp-json\/wp\/v2\/types\/post"}],"author":[{"embeddable":true,"href":"https:\/\/flanca.si\/de\/wp-json\/wp\/v2\/users\/3"}],"replies":[{"embeddable":true,"href":"https:\/\/flanca.si\/de\/wp-json\/wp\/v2\/comments?post=14815"}],"version-history":[{"count":0,"href":"https:\/\/flanca.si\/de\/wp-json\/wp\/v2\/posts\/14815\/revisions"}],"wp:featuredmedia":[{"embeddable":true,"href":"https:\/\/flanca.si\/de\/wp-json\/wp\/v2\/media\/13524"}],"wp:attachment":[{"href":"https:\/\/flanca.si\/de\/wp-json\/wp\/v2\/media?parent=14815"}],"wp:term":[{"taxonomy":"category","embeddable":true,"href":"https:\/\/flanca.si\/de\/wp-json\/wp\/v2\/categories?post=14815"},{"taxonomy":"post_tag","embeddable":true,"href":"https:\/\/flanca.si\/de\/wp-json\/wp\/v2\/tags?post=14815"}],"curies":[{"name":"wp","href":"https:\/\/api.w.org\/{rel}","templated":true}]}}