{"id":14801,"date":"2023-02-16T12:45:29","date_gmt":"2023-02-16T11:45:29","guid":{"rendered":"https:\/\/flanca.si\/selbstpflege-fuer-den-balkon-dekorativ-mit-nuetzlichem\/"},"modified":"2025-01-07T18:14:45","modified_gmt":"2025-01-07T17:14:45","slug":"selbstpflege-fuer-den-balkon-dekorativ-mit-nuetzlichem","status":"publish","type":"post","link":"https:\/\/flanca.si\/de\/selbstpflege-fuer-den-balkon-dekorativ-mit-nuetzlichem\/","title":{"rendered":"Selbstpflege f\u00fcr den Balkon &#8211; dekorativ mit n\u00fctzlichem"},"content":{"rendered":"\n<div class=\"wp-block-image\"><figure class=\"alignright size-large is-resized\"><img fetchpriority=\"high\" decoding=\"async\" src=\"https:\/\/flanca.si\/wp-content\/uploads\/2023\/02\/purple-reigns-floral-vegetable-planter-D7q-J2Q145e92dy5xUEyfj-12f1e3f1ac5f42ebae0d5d996de5d914-860x1024.jpg\" alt=\"\" class=\"wp-image-7317\" width=\"352\" height=\"420\" srcset=\"https:\/\/flanca.si\/wp-content\/uploads\/2023\/02\/purple-reigns-floral-vegetable-planter-D7q-J2Q145e92dy5xUEyfj-12f1e3f1ac5f42ebae0d5d996de5d914-860x1024.jpg 860w, https:\/\/flanca.si\/wp-content\/uploads\/2023\/02\/purple-reigns-floral-vegetable-planter-D7q-J2Q145e92dy5xUEyfj-12f1e3f1ac5f42ebae0d5d996de5d914-252x300.jpg 252w, https:\/\/flanca.si\/wp-content\/uploads\/2023\/02\/purple-reigns-floral-vegetable-planter-D7q-J2Q145e92dy5xUEyfj-12f1e3f1ac5f42ebae0d5d996de5d914-768x915.jpg 768w, https:\/\/flanca.si\/wp-content\/uploads\/2023\/02\/purple-reigns-floral-vegetable-planter-D7q-J2Q145e92dy5xUEyfj-12f1e3f1ac5f42ebae0d5d996de5d914-600x715.jpg 600w, https:\/\/flanca.si\/wp-content\/uploads\/2023\/02\/purple-reigns-floral-vegetable-planter-D7q-J2Q145e92dy5xUEyfj-12f1e3f1ac5f42ebae0d5d996de5d914.jpg 1244w\" sizes=\"(max-width: 352px) 100vw, 352px\" \/><figcaption>Haben Sie schon einmal \u00fcber die Kombination von Aubergine, Eisenkraut und einer Million Glocken nachgedacht? In einem ausreichend gro\u00dfen Topf k\u00f6nnen sie perfekt wachsen und unsere Umgebung abwechslungsreich gestalten.   <\/figcaption><\/figure><\/div>\n\n<blockquote class=\"wp-block-quote is-layout-flow wp-block-quote-is-layout-flow\"><p>Balkone mit Blumen zu schm\u00fccken ist eine Konstante. Das Pflanzen von Gem\u00fcse in Balkontr\u00f6gen und T\u00f6pfen wird langsam eingef\u00fchrt. Warum kombinieren Sie nicht beides und mampfen Sie ein paar Beeren oder pfl\u00fccken Sie Gem\u00fcse f\u00fcr Ihre n\u00e4chste Mahlzeit, w\u00e4hrend Sie die Blumen bewundern? In diesem Beitrag bieten wir einige wunderbare\/ungew\u00f6hnliche Kombinationen von Dekorativem mit N\u00fctzlichem an.     <\/p><\/blockquote>\n\n<p class=\"wp-block-paragraph\">Die Gartenarbeit auf dem Balkon erm\u00f6glicht es uns, mehr Kontrolle \u00fcber das Wachstum von Setzlingen zu haben, zu gie\u00dfen, T\u00f6pfe leicht zu bewegen, es gibt weniger Unkraut&#8230; Um jedoch optimale Bedingungen f\u00fcr das Wachstum auf unseren Balkonen zu schaffen, m\u00fcssen wir bereits bei der Gestaltung auf einige Dinge achten: <\/p>\n\n<ul class=\"wp-block-list\"><li>Wir m\u00fcssen die Gr\u00f6\u00dfe des Raumes, die Ausrichtung und die Menge an Sonnenlicht ber\u00fccksichtigen<\/li><li>Abh\u00e4ngig von den gegebenen Bedingungen w\u00e4hlen wir geeignete Pflanzen aus<\/li><li>Auch auf die Bed\u00fcrfnisse der Pflanzen m\u00fcssen wir achten<\/li><li>Wir m\u00fcssen gen\u00fcgend N\u00e4hrstoffe bereitstellen<\/li><\/ul>\n\n<p class=\"wp-block-paragraph\">Wenn Sie die wichtigsten Regeln beachten, werden Ihre Balkone gro\u00dfartig aussehen!<\/p>\n\n<h3 class=\"wp-block-heading\">Ein paar Kombinationen&#8230;<\/h3>\n\n<p class=\"wp-block-paragraph\">In fr\u00fcheren Beitr\u00e4gen haben wir \u00fcber Balkongem\u00fcse, den Anbau von Salat in T\u00f6pfen, Tr\u00f6gen, Kr\u00e4uter auf Balkonen usw. geschrieben. Heute bieten wir jedoch einige klassische Ideen, aber auch einige gewagtere Kombinationen. In F\u00e4llen, in denen eine gro\u00dfe Menge an S\u00e4mlingen in den Topf gepflanzt wird, m\u00fcssen wir auf eine regelm\u00e4\u00dfige D\u00fcngung achten.  <\/p>\n\n<p class=\"has-background wp-block-paragraph\" style=\"background-color:#f1fcf8\">Von allen Gem\u00fcsesorten werden neben Salat zum Anpflanzen in T\u00f6pfen am h\u00e4ufigsten Tomaten gew\u00e4hlt. Wir m\u00fcssen <a href=\"https:\/\/flanca.si\/de\/kategorija-izdelka\/gemuse-vom-balkon\/?filter_vrsta=cesnjev-paradiznik\" data-type=\"URL\" data-id=\"https:\/\/flanca.si\/kategorija-izdelka\/balkonska-zelenjava\/?filter_vrsta=cesnjev-paradiznik\"><strong>niedrigere, bestimmende Sorten<\/strong><\/a> ausw\u00e4hlen, die sch\u00f6n in T\u00f6pfen wachsen. Kirschtomaten wachsen gut, aber der Anbau klassischer dickfruchtiger Tomaten erweist sich in vielen F\u00e4llen als weniger erfolgreich.    <\/p>\n\n<div class=\"wp-block-columns is-layout-flex wp-container-core-columns-is-layout-7387b849 wp-block-columns-is-layout-flex\">\n<div class=\"wp-block-column is-layout-flow wp-block-column-is-layout-flow\">\n<div class=\"wp-block-image\"><figure class=\"aligncenter size-large is-resized\"><img decoding=\"async\" src=\"https:\/\/flanca.si\/wp-content\/uploads\/2023\/02\/1080-6476_tomatopeardrops_1200x1200-1024x1024.jpg\" alt=\"\" class=\"wp-image-7308\" width=\"357\" height=\"357\" srcset=\"https:\/\/flanca.si\/wp-content\/uploads\/2023\/02\/1080-6476_tomatopeardrops_1200x1200-1024x1024.jpg 1024w, https:\/\/flanca.si\/wp-content\/uploads\/2023\/02\/1080-6476_tomatopeardrops_1200x1200-300x300.jpg 300w, https:\/\/flanca.si\/wp-content\/uploads\/2023\/02\/1080-6476_tomatopeardrops_1200x1200-150x150.jpg 150w, https:\/\/flanca.si\/wp-content\/uploads\/2023\/02\/1080-6476_tomatopeardrops_1200x1200-768x768.jpg 768w, https:\/\/flanca.si\/wp-content\/uploads\/2023\/02\/1080-6476_tomatopeardrops_1200x1200-600x600.jpg 600w, https:\/\/flanca.si\/wp-content\/uploads\/2023\/02\/1080-6476_tomatopeardrops_1200x1200-100x100.jpg 100w, https:\/\/flanca.si\/wp-content\/uploads\/2023\/02\/1080-6476_tomatopeardrops_1200x1200.jpg 1200w\" sizes=\"(max-width: 357px) 100vw, 357px\" \/><figcaption>H\u00e4ngende Tomatensorten eignen sich hervorragend f\u00fcr Kleiderb\u00fcgel oder Balkontr\u00f6ge. Wir m\u00fcssen nur sicherstellen, dass wir genug Wasser und N\u00e4hrstoffe haben.   <\/figcaption><\/figure><\/div>\n<\/div>\n\n\n\n<div class=\"wp-block-column is-layout-flow wp-block-column-is-layout-flow\">\n<div class=\"wp-block-image\"><figure class=\"aligncenter size-large is-resized\"><img decoding=\"async\" src=\"https:\/\/flanca.si\/wp-content\/uploads\/2023\/02\/paradiznik_kombinacija-768x1024.jpg\" alt=\"\" class=\"wp-image-7309\" width=\"272\" height=\"362\" srcset=\"https:\/\/flanca.si\/wp-content\/uploads\/2023\/02\/paradiznik_kombinacija-768x1024.jpg 768w, https:\/\/flanca.si\/wp-content\/uploads\/2023\/02\/paradiznik_kombinacija-225x300.jpg 225w, https:\/\/flanca.si\/wp-content\/uploads\/2023\/02\/paradiznik_kombinacija-600x800.jpg 600w, https:\/\/flanca.si\/wp-content\/uploads\/2023\/02\/paradiznik_kombinacija.jpg 966w\" sizes=\"(max-width: 272px) 100vw, 272px\" \/><figcaption>Eine klassische Kombination aus niedrigen Kirschtomaten mit Basilikum. Wir k\u00f6nnen auch Zitrone, panaschierten Thymian und Tagetes hinzuf\u00fcgen, um Farbe zu verleihen. <\/figcaption><\/figure><\/div>\n<\/div>\n<\/div>\n\n<p class=\"has-background wp-block-paragraph\" style=\"background-color:#fcf5fc\">Eine hervorragende Kombination aus lecker und dekorativ sind auch <a href=\"https:\/\/flanca.si\/?s=jagode\" data-type=\"URL\" data-id=\"https:\/\/flanca.si\/?s=jagode\"><strong>Beeren<\/strong><\/a>. Es gibt auch solche mit roten, rosa Bl\u00fcten, mit gef\u00fcllten Bl\u00fcten, lockig&#8230; <\/p>\n\n<div class=\"wp-block-columns is-layout-flex wp-container-core-columns-is-layout-7387b849 wp-block-columns-is-layout-flex\">\n<div class=\"wp-block-column is-layout-flow wp-block-column-is-layout-flow\">\n<div class=\"wp-block-image\"><figure class=\"aligncenter size-large is-resized\"><img loading=\"lazy\" decoding=\"async\" src=\"https:\/\/flanca.si\/wp-content\/uploads\/2023\/02\/strawberry-plants-in-a-pot-with-ripe-fruit-1024x683.jpg\" alt=\"\" class=\"wp-image-7310\" width=\"332\" height=\"221\" srcset=\"https:\/\/flanca.si\/wp-content\/uploads\/2023\/02\/strawberry-plants-in-a-pot-with-ripe-fruit-1024x683.jpg 1024w, https:\/\/flanca.si\/wp-content\/uploads\/2023\/02\/strawberry-plants-in-a-pot-with-ripe-fruit-300x200.jpg 300w, https:\/\/flanca.si\/wp-content\/uploads\/2023\/02\/strawberry-plants-in-a-pot-with-ripe-fruit-768x512.jpg 768w, https:\/\/flanca.si\/wp-content\/uploads\/2023\/02\/strawberry-plants-in-a-pot-with-ripe-fruit-600x400.jpg 600w, https:\/\/flanca.si\/wp-content\/uploads\/2023\/02\/strawberry-plants-in-a-pot-with-ripe-fruit.jpg 1200w\" sizes=\"(max-width: 332px) 100vw, 332px\" \/><figcaption>Die Erdbeere selbst kann dekorativ wirken. Die Kombination aus farbigen Bl\u00fcten und Fr\u00fcchten eignet sich hervorragend f\u00fcr Fr\u00fchjahrs-\/Herbstpflanzungen. <\/figcaption><\/figure><\/div>\n<\/div>\n\n\n\n<div class=\"wp-block-column is-layout-flow wp-block-column-is-layout-flow\">\n<div class=\"wp-block-image\"><figure class=\"aligncenter size-large is-resized\"><img loading=\"lazy\" decoding=\"async\" src=\"https:\/\/flanca.si\/wp-content\/uploads\/2023\/02\/ornamental-strawberry-flowers-red-vs2-1024x687.jpg\" alt=\"\" class=\"wp-image-7311\" width=\"340\" height=\"228\" srcset=\"https:\/\/flanca.si\/wp-content\/uploads\/2023\/02\/ornamental-strawberry-flowers-red-vs2-1024x687.jpg 1024w, https:\/\/flanca.si\/wp-content\/uploads\/2023\/02\/ornamental-strawberry-flowers-red-vs2-300x201.jpg 300w, https:\/\/flanca.si\/wp-content\/uploads\/2023\/02\/ornamental-strawberry-flowers-red-vs2-768x515.jpg 768w, https:\/\/flanca.si\/wp-content\/uploads\/2023\/02\/ornamental-strawberry-flowers-red-vs2-600x402.jpg 600w, https:\/\/flanca.si\/wp-content\/uploads\/2023\/02\/ornamental-strawberry-flowers-red-vs2.jpg 1114w\" sizes=\"(max-width: 340px) 100vw, 340px\" \/><figcaption>Verschiedene Schattierungen von Erdbeerbl\u00fcten.<\/figcaption><\/figure><\/div>\n<\/div>\n\n\n\n<div class=\"wp-block-column has-ast-global-color-5-background-color has-background is-layout-flow wp-block-column-is-layout-flow\">\n<figure class=\"wp-block-image size-full\"><img loading=\"lazy\" decoding=\"async\" width=\"596\" height=\"410\" src=\"https:\/\/flanca.si\/wp-content\/uploads\/2023\/02\/provenwinners-strawberry.jpg\" alt=\"\" class=\"wp-image-7312\" srcset=\"https:\/\/flanca.si\/wp-content\/uploads\/2023\/02\/provenwinners-strawberry.jpg 596w, https:\/\/flanca.si\/wp-content\/uploads\/2023\/02\/provenwinners-strawberry-300x206.jpg 300w\" sizes=\"(max-width: 596px) 100vw, 596px\" \/><figcaption>Erdbeeren in einer bunten Kombination aus Lantana, Hortensie und G\u00e4nsebl\u00fcmchen spielen die Rolle einer Strukturpflanze.  <\/figcaption><\/figure>\n<\/div>\n<\/div>\n\n<p class=\"has-background wp-block-paragraph\" style=\"background-color:#fff5fb\">Panaschierter <a href=\"https:\/\/flanca.si\/?s=blitva\" data-type=\"URL\" data-id=\"https:\/\/flanca.si\/?s=blitva\"><strong>Mangold <\/strong><\/a>und <a href=\"https:\/\/flanca.si\/?s=ohrovt\" data-type=\"URL\" data-id=\"https:\/\/flanca.si\/?s=ohrovt\"><strong>Blattkohl<\/strong><\/a> haben sich ebenfalls als hervorragende Pflanzen f\u00fcr gemischte Kombinationen erwiesen.  <\/p>\n\n<div class=\"wp-block-columns is-layout-flex wp-container-core-columns-is-layout-7387b849 wp-block-columns-is-layout-flex\">\n<div class=\"wp-block-column is-layout-flow wp-block-column-is-layout-flow\">\n<div class=\"wp-block-image\"><figure class=\"aligncenter size-full is-resized\"><img loading=\"lazy\" decoding=\"async\" src=\"https:\/\/flanca.si\/wp-content\/uploads\/2023\/02\/containernotext-2-1024x684-e1527692106562-800x534-1.jpg\" alt=\"\" class=\"wp-image-7313\" width=\"310\" height=\"326\" srcset=\"https:\/\/flanca.si\/wp-content\/uploads\/2023\/02\/containernotext-2-1024x684-e1527692106562-800x534-1.jpg 507w, https:\/\/flanca.si\/wp-content\/uploads\/2023\/02\/containernotext-2-1024x684-e1527692106562-800x534-1-285x300.jpg 285w\" sizes=\"(max-width: 310px) 100vw, 310px\" \/><figcaption>Gr\u00fcnkohl kann herbstliche Kombinationen mit Stiefm\u00fctterchen und anderen Strukturpflanzen abwechslungsreich gestalten. Da wir die verschiedenen Schattierungen von Gr\u00fcnkohl kennen, kann er in verschiedenen Farbkombinationen miteinander gesplei\u00dft werden. <\/figcaption><\/figure><\/div>\n<\/div>\n\n\n\n<div class=\"wp-block-column is-layout-flow wp-block-column-is-layout-flow\">\n<div class=\"wp-block-image\"><figure class=\"aligncenter size-full is-resized\"><img loading=\"lazy\" decoding=\"async\" src=\"https:\/\/flanca.si\/wp-content\/uploads\/2023\/02\/veggiescontainer1.jpg\" alt=\"\" class=\"wp-image-7314\" width=\"341\" height=\"326\" srcset=\"https:\/\/flanca.si\/wp-content\/uploads\/2023\/02\/veggiescontainer1.jpg 760w, https:\/\/flanca.si\/wp-content\/uploads\/2023\/02\/veggiescontainer1-300x287.jpg 300w, https:\/\/flanca.si\/wp-content\/uploads\/2023\/02\/veggiescontainer1-600x575.jpg 600w\" sizes=\"(max-width: 341px) 100vw, 341px\" \/><figcaption>H\u00e4schen, Stiefm\u00fctter und Mangold in gelber Kombination.<\/figcaption><\/figure><\/div>\n<\/div>\n\n\n\n<div class=\"wp-block-column is-layout-flow wp-block-column-is-layout-flow\">\n<div class=\"wp-block-image\"><figure class=\"aligncenter size-large is-resized\"><img loading=\"lazy\" decoding=\"async\" src=\"https:\/\/flanca.si\/wp-content\/uploads\/2023\/02\/colorful-fall-container-garden-CmLM1IL7qIO9FmL4RYdq6F-56bde0d396d3462e8e99d6ab81f82399-1-903x1024.jpg\" alt=\"\" class=\"wp-image-7316\" width=\"288\" height=\"327\" srcset=\"https:\/\/flanca.si\/wp-content\/uploads\/2023\/02\/colorful-fall-container-garden-CmLM1IL7qIO9FmL4RYdq6F-56bde0d396d3462e8e99d6ab81f82399-1-903x1024.jpg 903w, https:\/\/flanca.si\/wp-content\/uploads\/2023\/02\/colorful-fall-container-garden-CmLM1IL7qIO9FmL4RYdq6F-56bde0d396d3462e8e99d6ab81f82399-1-265x300.jpg 265w, https:\/\/flanca.si\/wp-content\/uploads\/2023\/02\/colorful-fall-container-garden-CmLM1IL7qIO9FmL4RYdq6F-56bde0d396d3462e8e99d6ab81f82399-1-768x870.jpg 768w, https:\/\/flanca.si\/wp-content\/uploads\/2023\/02\/colorful-fall-container-garden-CmLM1IL7qIO9FmL4RYdq6F-56bde0d396d3462e8e99d6ab81f82399-1-600x680.jpg 600w, https:\/\/flanca.si\/wp-content\/uploads\/2023\/02\/colorful-fall-container-garden-CmLM1IL7qIO9FmL4RYdq6F-56bde0d396d3462e8e99d6ab81f82399-1.jpg 1244w\" sizes=\"(max-width: 288px) 100vw, 288px\" \/><figcaption>Zier- und essbarer Gr\u00fcnkohl kombiniert mit schreienden Chrysanthemen und Stiefm\u00fcttern.<\/figcaption><\/figure><\/div>\n\n\n\n<p class=\"wp-block-paragraph\"><\/p>\n<\/div>\n<\/div>\n\n<div class=\"wp-block-columns is-layout-flex wp-container-core-columns-is-layout-7387b849 wp-block-columns-is-layout-flex\">\n<div class=\"wp-block-column is-layout-flow wp-block-column-is-layout-flow\">\n<p class=\"wp-block-paragraph\">Bei <a href=\"https:\/\/flanca.si\/kategorija-izdelka\/zelisca\/disavnice-zelisca\/\" data-type=\"URL\" data-id=\"https:\/\/flanca.si\/kategorija-izdelka\/disavnice-zelisca\/\"><strong>Mischpflanzungen sind auch Kr\u00e4uter<\/strong><\/a> sehr beliebt. Schnittlauch mit seiner \u00fcppigen Bl\u00fcte, Basilikum mit \u00fcppigem Wachstum oder Bl\u00fcten und Thymian mit beiden. <\/p>\n\n\n\n<p class=\"wp-block-paragraph\">   <\/p>\n\n\n\n<p class=\"wp-block-paragraph\">Panierter Salbei, Basilikum, Thymian, Minze mit ihren Farbspektren haben schon an sich eine ornamentale Wirkung.<\/p>\n\n\n\n<p class=\"wp-block-paragraph\"><\/p>\n<\/div>\n\n\n\n<div class=\"wp-block-column is-layout-flow wp-block-column-is-layout-flow\">\n<div class=\"wp-block-image\"><figure class=\"aligncenter size-large is-resized\"><img loading=\"lazy\" decoding=\"async\" src=\"https:\/\/flanca.si\/wp-content\/uploads\/2023\/02\/Pots-of-herbs-Alamy_trans_NvBQzQNjv4Bqeo_i_u9APj8RuoebjoAHt0k9u7HhRJvuo-ZLenGRumA-1024x658.jpg\" alt=\"\" class=\"wp-image-7319\" width=\"403\" height=\"259\" srcset=\"https:\/\/flanca.si\/wp-content\/uploads\/2023\/02\/Pots-of-herbs-Alamy_trans_NvBQzQNjv4Bqeo_i_u9APj8RuoebjoAHt0k9u7HhRJvuo-ZLenGRumA-1024x658.jpg 1024w, https:\/\/flanca.si\/wp-content\/uploads\/2023\/02\/Pots-of-herbs-Alamy_trans_NvBQzQNjv4Bqeo_i_u9APj8RuoebjoAHt0k9u7HhRJvuo-ZLenGRumA-300x193.jpg 300w, https:\/\/flanca.si\/wp-content\/uploads\/2023\/02\/Pots-of-herbs-Alamy_trans_NvBQzQNjv4Bqeo_i_u9APj8RuoebjoAHt0k9u7HhRJvuo-ZLenGRumA-768x494.jpg 768w, https:\/\/flanca.si\/wp-content\/uploads\/2023\/02\/Pots-of-herbs-Alamy_trans_NvBQzQNjv4Bqeo_i_u9APj8RuoebjoAHt0k9u7HhRJvuo-ZLenGRumA-1536x988.jpg 1536w, https:\/\/flanca.si\/wp-content\/uploads\/2023\/02\/Pots-of-herbs-Alamy_trans_NvBQzQNjv4Bqeo_i_u9APj8RuoebjoAHt0k9u7HhRJvuo-ZLenGRumA-600x386.jpg 600w, https:\/\/flanca.si\/wp-content\/uploads\/2023\/02\/Pots-of-herbs-Alamy_trans_NvBQzQNjv4Bqeo_i_u9APj8RuoebjoAHt0k9u7HhRJvuo-ZLenGRumA.jpg 1905w\" sizes=\"(max-width: 403px) 100vw, 403px\" \/><\/figure><\/div>\n<\/div>\n<\/div>\n\n<div class=\"wp-block-columns is-layout-flex wp-container-core-columns-is-layout-7387b849 wp-block-columns-is-layout-flex\">\n<div class=\"wp-block-column is-layout-flow wp-block-column-is-layout-flow\" style=\"flex-basis:100%\">\n<p class=\"wp-block-paragraph\">Um erfolglose Gartenarbeit zu vermeiden, haben wir einige der h\u00e4ufigsten Fehler aufgelistet<\/p>\n<\/div>\n<\/div>\n\n<div class=\"wp-block-group is-layout-flow wp-block-group-is-layout-flow\">\n<ul class=\"wp-block-list\"><li>Standort mit zu viel oder zu wenig Sonnenlicht<\/li><li>unregelm\u00e4\u00dfiges Gie\u00dfen &#8211; vor allem in den Sommermonaten ist mehrmals t\u00e4glich gegossen werden<\/li><li>Zu viele S\u00e4mlinge in einem Topf &#8211; eine solche Pflanzung f\u00fchrt zu einer schnellen Verw\u00fcstung des Bodens, einem Nicht-\u00dcberwachsen des Wurzelsystems und einer \u00dcberdehnung der S\u00e4mlinge<\/li><li>zu kleine T\u00f6pfe &#8211; in kleinen T\u00f6pfen fehlen ihnen schnell N\u00e4hrstoffe, Platz f\u00fcr das Wurzelsystem, sie trocknen schnell aus&#8230;<\/li><li>Auswahl ungeeigneter Pflanzen &#8211; wir w\u00e4hlen Pflanzen, die nicht zu hoch oder &#8222;zu gefr\u00e4\u00dfig&#8220; mit N\u00e4hrstoffen sind<\/li><li>Nichtbest\u00e4ubung &#8211; Pflanzen nehmen schnell N\u00e4hrstoffe aus dem Boden auf, auch bei h\u00e4ufigem Gie\u00dfen waschen wir N\u00e4hrstoffe aus dem Boden aus<\/li><\/ul>\n<\/div>\n\n<div class=\"wp-block-buttons is-layout-flex wp-block-buttons-is-layout-flex\">\n<div class=\"wp-block-button is-style-outline is-style-outline--1\"><a class=\"wp-block-button__link has-ast-global-color-8-color has-text-color has-background\" href=\"https:\/\/flanca.si\/de\/\" style=\"border-radius:33px;background-color:#62d421\">Betreten Sie den Online-Shop<\/a><\/div>\n<\/div>\n","protected":false},"excerpt":{"rendered":"<p>Balkone mit Blumen zu schm\u00fccken ist eine Konstante. Das Pflanzen von Gem\u00fcse in Balkontr\u00f6gen und T\u00f6pfen wird langsam eingef\u00fchrt. Warum kombinieren Sie nicht beides und mampfen Sie ein paar Beeren oder pfl\u00fccken Sie Gem\u00fcse f\u00fcr Ihre n\u00e4chste Mahlzeit, w\u00e4hrend Sie die Blumen bewundern? In diesem Beitrag bieten wir einige wunderbare\/ungew\u00f6hnliche [&hellip;]<\/p>\n","protected":false},"author":3,"featured_media":13522,"comment_status":"closed","ping_status":"open","sticky":false,"template":"","format":"standard","meta":{"site-sidebar-layout":"default","site-content-layout":"","ast-site-content-layout":"default","site-content-style":"default","site-sidebar-style":"default","ast-global-header-display":"","ast-banner-title-visibility":"","ast-main-header-display":"","ast-hfb-above-header-display":"","ast-hfb-below-header-display":"","ast-hfb-mobile-header-display":"","site-post-title":"","ast-breadcrumbs-content":"","ast-featured-img":"","footer-sml-layout":"","ast-disable-related-posts":"","theme-transparent-header-meta":"","adv-header-id-meta":"","stick-header-meta":"","header-above-stick-meta":"","header-main-stick-meta":"","header-below-stick-meta":"","astra-migrate-meta-layouts":"default","ast-page-background-enabled":"default","ast-page-background-meta":{"desktop":{"background-color":"","background-image":"","background-repeat":"repeat","background-position":"center center","background-size":"auto","background-attachment":"scroll","background-type":"","background-media":"","overlay-type":"","overlay-color":"","overlay-opacity":"","overlay-gradient":""},"tablet":{"background-color":"","background-image":"","background-repeat":"repeat","background-position":"center center","background-size":"auto","background-attachment":"scroll","background-type":"","background-media":"","overlay-type":"","overlay-color":"","overlay-opacity":"","overlay-gradient":""},"mobile":{"background-color":"","background-image":"","background-repeat":"repeat","background-position":"center center","background-size":"auto","background-attachment":"scroll","background-type":"","background-media":"","overlay-type":"","overlay-color":"","overlay-opacity":"","overlay-gradient":""}},"ast-content-background-meta":{"desktop":{"background-color":"var(--ast-global-color-5)","background-image":"","background-repeat":"repeat","background-position":"center center","background-size":"auto","background-attachment":"scroll","background-type":"","background-media":"","overlay-type":"","overlay-color":"","overlay-opacity":"","overlay-gradient":""},"tablet":{"background-color":"var(--ast-global-color-5)","background-image":"","background-repeat":"repeat","background-position":"center center","background-size":"auto","background-attachment":"scroll","background-type":"","background-media":"","overlay-type":"","overlay-color":"","overlay-opacity":"","overlay-gradient":""},"mobile":{"background-color":"var(--ast-global-color-5)","background-image":"","background-repeat":"repeat","background-position":"center center","background-size":"auto","background-attachment":"scroll","background-type":"","background-media":"","overlay-type":"","overlay-color":"","overlay-opacity":"","overlay-gradient":""}},"footnotes":""},"categories":[897,905],"tags":[],"class_list":["post-14801","post","type-post","status-publish","format-standard","has-post-thumbnail","hentry","category-garten","category-krauter"],"aioseo_notices":[],"aioseo_head":"\n\t\t<!-- All in One SEO 5.0.1.1 - aioseo.com -->\n\t<meta name=\"description\" content=\"Balkone mit Blumen zu schm\u00fccken ist eine Konstante. Das Pflanzen von Gem\u00fcse in Balkontr\u00f6gen und T\u00f6pfen wird langsam eingef\u00fchrt. Warum kombinieren Sie nicht beides und mampfen Sie ein paar Beeren oder pfl\u00fccken Sie Gem\u00fcse f\u00fcr Ihre n\u00e4chste Mahlzeit, w\u00e4hrend Sie die Blumen bewundern? In diesem Beitrag bieten wir einige wunderbare\/ungew\u00f6hnliche Kombinationen von Dekorativem mit N\u00fctzlichem\" \/>\n\t<meta name=\"robots\" content=\"max-image-preview:large\" \/>\n\t<meta name=\"author\" content=\"Jana Globo\u010dnik\"\/>\n\t<meta name=\"google-site-verification\" content=\"1sO6GOIbhijVyOhvBZZbOsEVADo4T9w2a7D2KDR6zVI\" \/>\n\t<link rel=\"canonical\" href=\"https:\/\/flanca.si\/de\/selbstpflege-fuer-den-balkon-dekorativ-mit-nuetzlichem\/\" \/>\n\t<meta name=\"generator\" content=\"All in One SEO (AIOSEO) 5.0.1.1\" \/>\n\t\t<meta property=\"og:locale\" content=\"de_DE\" \/>\n\t\t<meta property=\"og:site_name\" content=\"vrtne sadike FLANCA \u2013 Prodaja vrtnih sadik in ostale opreme\" \/>\n\t\t<meta property=\"og:type\" content=\"article\" \/>\n\t\t<meta property=\"og:title\" content=\"Selbstpflege f\u00fcr den Balkon \u2013 dekorativ mit n\u00fctzlichem \u2013 vrtne sadike FLANCA\" \/>\n\t\t<meta property=\"og:description\" content=\"Balkone mit Blumen zu schm\u00fccken ist eine Konstante. Das Pflanzen von Gem\u00fcse in Balkontr\u00f6gen und T\u00f6pfen wird langsam eingef\u00fchrt. Warum kombinieren Sie nicht beides und mampfen Sie ein paar Beeren oder pfl\u00fccken Sie Gem\u00fcse f\u00fcr Ihre n\u00e4chste Mahlzeit, w\u00e4hrend Sie die Blumen bewundern? In diesem Beitrag bieten wir einige wunderbare\/ungew\u00f6hnliche Kombinationen von Dekorativem mit N\u00fctzlichem\" \/>\n\t\t<meta property=\"og:url\" content=\"https:\/\/flanca.si\/de\/selbstpflege-fuer-den-balkon-dekorativ-mit-nuetzlichem\/\" \/>\n\t\t<meta property=\"og:image\" content=\"https:\/\/flanca.si\/wp-content\/uploads\/2019\/11\/spletna-trgovina-s-sadikami-flanca.png\" \/>\n\t\t<meta property=\"og:image:secure_url\" content=\"https:\/\/flanca.si\/wp-content\/uploads\/2019\/11\/spletna-trgovina-s-sadikami-flanca.png\" \/>\n\t\t<meta property=\"article:published_time\" content=\"2023-02-16T11:45:29+00:00\" \/>\n\t\t<meta property=\"article:modified_time\" content=\"2025-01-07T17:14:45+00:00\" \/>\n\t\t<meta name=\"twitter:card\" content=\"summary_large_image\" \/>\n\t\t<meta name=\"twitter:title\" content=\"Selbstpflege f\u00fcr den Balkon \u2013 dekorativ mit n\u00fctzlichem \u2013 vrtne sadike FLANCA\" \/>\n\t\t<meta name=\"twitter:description\" content=\"Balkone mit Blumen zu schm\u00fccken ist eine Konstante. Das Pflanzen von Gem\u00fcse in Balkontr\u00f6gen und T\u00f6pfen wird langsam eingef\u00fchrt. Warum kombinieren Sie nicht beides und mampfen Sie ein paar Beeren oder pfl\u00fccken Sie Gem\u00fcse f\u00fcr Ihre n\u00e4chste Mahlzeit, w\u00e4hrend Sie die Blumen bewundern? In diesem Beitrag bieten wir einige wunderbare\/ungew\u00f6hnliche Kombinationen von Dekorativem mit N\u00fctzlichem\" \/>\n\t\t<meta name=\"twitter:image\" content=\"https:\/\/flanca.si\/wp-content\/uploads\/2019\/11\/spletna-trgovina-s-sadikami-flanca.png\" \/>\n\t\t<script type=\"application\/ld+json\" class=\"aioseo-schema\">\n\t\t\t{\"@context\":\"https:\\\/\\\/schema.org\",\"@graph\":[{\"@type\":\"BlogPosting\",\"@id\":\"https:\\\/\\\/flanca.si\\\/de\\\/selbstpflege-fuer-den-balkon-dekorativ-mit-nuetzlichem\\\/#blogposting\",\"name\":\"Selbstpflege f\\u00fcr den Balkon \\u2013 dekorativ mit n\\u00fctzlichem \\u2013 vrtne sadike FLANCA\",\"headline\":\"Selbstpflege f\\u00fcr den Balkon &#8211; dekorativ mit n\\u00fctzlichem\",\"author\":{\"@id\":\"https:\\\/\\\/flanca.si\\\/de\\\/author\\\/jana\\\/#author\"},\"publisher\":{\"@id\":\"https:\\\/\\\/flanca.si\\\/de\\\/#organization\"},\"image\":{\"@type\":\"ImageObject\",\"url\":\"https:\\\/\\\/flanca.si\\\/wp-content\\\/uploads\\\/2023\\\/02\\\/terasa.jpg\",\"width\":750,\"height\":317},\"datePublished\":\"2023-02-16T12:45:29+01:00\",\"dateModified\":\"2025-01-07T18:14:45+01:00\",\"inLanguage\":\"de-DE\",\"mainEntityOfPage\":{\"@id\":\"https:\\\/\\\/flanca.si\\\/de\\\/selbstpflege-fuer-den-balkon-dekorativ-mit-nuetzlichem\\\/#webpage\"},\"isPartOf\":{\"@id\":\"https:\\\/\\\/flanca.si\\\/de\\\/selbstpflege-fuer-den-balkon-dekorativ-mit-nuetzlichem\\\/#webpage\"},\"articleSection\":\"Garten, Kr\\u00e4uter\"},{\"@type\":\"BreadcrumbList\",\"@id\":\"https:\\\/\\\/flanca.si\\\/de\\\/selbstpflege-fuer-den-balkon-dekorativ-mit-nuetzlichem\\\/#breadcrumblist\",\"itemListElement\":[{\"@type\":\"ListItem\",\"@id\":\"https:\\\/\\\/flanca.si\\\/de\\\/#listItem\",\"position\":1,\"name\":\"Domov\",\"item\":\"https:\\\/\\\/flanca.si\\\/de\\\/\",\"nextItem\":{\"@type\":\"ListItem\",\"@id\":\"https:\\\/\\\/flanca.si\\\/de\\\/category\\\/garten\\\/#listItem\",\"name\":\"Garten\"}},{\"@type\":\"ListItem\",\"@id\":\"https:\\\/\\\/flanca.si\\\/de\\\/category\\\/garten\\\/#listItem\",\"position\":2,\"name\":\"Garten\",\"item\":\"https:\\\/\\\/flanca.si\\\/de\\\/category\\\/garten\\\/\",\"nextItem\":{\"@type\":\"ListItem\",\"@id\":\"https:\\\/\\\/flanca.si\\\/de\\\/selbstpflege-fuer-den-balkon-dekorativ-mit-nuetzlichem\\\/#listItem\",\"name\":\"Selbstpflege f\\u00fcr den Balkon &#8211; dekorativ mit n\\u00fctzlichem\"},\"previousItem\":{\"@type\":\"ListItem\",\"@id\":\"https:\\\/\\\/flanca.si\\\/de\\\/#listItem\",\"name\":\"Domov\"}},{\"@type\":\"ListItem\",\"@id\":\"https:\\\/\\\/flanca.si\\\/de\\\/selbstpflege-fuer-den-balkon-dekorativ-mit-nuetzlichem\\\/#listItem\",\"position\":3,\"name\":\"Selbstpflege f\\u00fcr den Balkon &#8211; dekorativ mit n\\u00fctzlichem\",\"previousItem\":{\"@type\":\"ListItem\",\"@id\":\"https:\\\/\\\/flanca.si\\\/de\\\/category\\\/garten\\\/#listItem\",\"name\":\"Garten\"}}]},{\"@type\":\"Organization\",\"@id\":\"https:\\\/\\\/flanca.si\\\/de\\\/#organization\",\"name\":\"vrtne sadike FLANCA\",\"description\":\"Prodaja vrtnih sadik in ostale opreme\",\"url\":\"https:\\\/\\\/flanca.si\\\/de\\\/\",\"logo\":{\"@type\":\"ImageObject\",\"url\":\"https:\\\/\\\/flanca.si\\\/wp-content\\\/uploads\\\/2019\\\/11\\\/spletna-trgovina-s-sadikami-flanca.png\",\"@id\":\"https:\\\/\\\/flanca.si\\\/de\\\/selbstpflege-fuer-den-balkon-dekorativ-mit-nuetzlichem\\\/#organizationLogo\",\"width\":151,\"height\":50,\"caption\":\"spletna trgovina s sadikami FLANCA\"},\"image\":{\"@id\":\"https:\\\/\\\/flanca.si\\\/de\\\/selbstpflege-fuer-den-balkon-dekorativ-mit-nuetzlichem\\\/#organizationLogo\"}},{\"@type\":\"Person\",\"@id\":\"https:\\\/\\\/flanca.si\\\/de\\\/author\\\/jana\\\/#author\",\"url\":\"https:\\\/\\\/flanca.si\\\/de\\\/author\\\/jana\\\/\",\"name\":\"Jana Globo\\u010dnik\",\"image\":{\"@type\":\"ImageObject\",\"@id\":\"https:\\\/\\\/flanca.si\\\/de\\\/selbstpflege-fuer-den-balkon-dekorativ-mit-nuetzlichem\\\/#authorImage\",\"url\":\"https:\\\/\\\/flanca.si\\\/wp-content\\\/litespeed\\\/avatar\\\/82d8a3f6e7b669e4fbb18755fd8d5c5c.jpg?ver=1787944099\",\"width\":96,\"height\":96,\"caption\":\"Jana Globo\\u010dnik\"}},{\"@type\":\"WebPage\",\"@id\":\"https:\\\/\\\/flanca.si\\\/de\\\/selbstpflege-fuer-den-balkon-dekorativ-mit-nuetzlichem\\\/#webpage\",\"url\":\"https:\\\/\\\/flanca.si\\\/de\\\/selbstpflege-fuer-den-balkon-dekorativ-mit-nuetzlichem\\\/\",\"name\":\"Selbstpflege f\\u00fcr den Balkon \\u2013 dekorativ mit n\\u00fctzlichem \\u2013 vrtne sadike FLANCA\",\"description\":\"Balkone mit Blumen zu schm\\u00fccken ist eine Konstante. Das Pflanzen von Gem\\u00fcse in Balkontr\\u00f6gen und T\\u00f6pfen wird langsam eingef\\u00fchrt. Warum kombinieren Sie nicht beides und mampfen Sie ein paar Beeren oder pfl\\u00fccken Sie Gem\\u00fcse f\\u00fcr Ihre n\\u00e4chste Mahlzeit, w\\u00e4hrend Sie die Blumen bewundern? In diesem Beitrag bieten wir einige wunderbare\\\/ungew\\u00f6hnliche Kombinationen von Dekorativem mit N\\u00fctzlichem\",\"inLanguage\":\"de-DE\",\"isPartOf\":{\"@id\":\"https:\\\/\\\/flanca.si\\\/de\\\/#website\"},\"breadcrumb\":{\"@id\":\"https:\\\/\\\/flanca.si\\\/de\\\/selbstpflege-fuer-den-balkon-dekorativ-mit-nuetzlichem\\\/#breadcrumblist\"},\"author\":{\"@id\":\"https:\\\/\\\/flanca.si\\\/de\\\/author\\\/jana\\\/#author\"},\"creator\":{\"@id\":\"https:\\\/\\\/flanca.si\\\/de\\\/author\\\/jana\\\/#author\"},\"image\":{\"@type\":\"ImageObject\",\"url\":\"https:\\\/\\\/flanca.si\\\/wp-content\\\/uploads\\\/2023\\\/02\\\/terasa.jpg\",\"@id\":\"https:\\\/\\\/flanca.si\\\/de\\\/selbstpflege-fuer-den-balkon-dekorativ-mit-nuetzlichem\\\/#mainImage\",\"width\":750,\"height\":317},\"primaryImageOfPage\":{\"@id\":\"https:\\\/\\\/flanca.si\\\/de\\\/selbstpflege-fuer-den-balkon-dekorativ-mit-nuetzlichem\\\/#mainImage\"},\"datePublished\":\"2023-02-16T12:45:29+01:00\",\"dateModified\":\"2025-01-07T18:14:45+01:00\"},{\"@type\":\"WebSite\",\"@id\":\"https:\\\/\\\/flanca.si\\\/de\\\/#website\",\"url\":\"https:\\\/\\\/flanca.si\\\/de\\\/\",\"name\":\"vrtne sadike FLANCA\",\"description\":\"Prodaja vrtnih sadik in ostale opreme\",\"inLanguage\":\"de-DE\",\"publisher\":{\"@id\":\"https:\\\/\\\/flanca.si\\\/de\\\/#organization\"}}]}\n\t\t<\/script>\n\t\t<!-- All in One SEO -->\n\n","aioseo_head_json":{"title":"Selbstpflege f\u00fcr den Balkon \u2013 dekorativ mit n\u00fctzlichem \u2013 vrtne sadike FLANCA","description":"Balkone mit Blumen zu schm\u00fccken ist eine Konstante. Das Pflanzen von Gem\u00fcse in Balkontr\u00f6gen und T\u00f6pfen wird langsam eingef\u00fchrt. Warum kombinieren Sie nicht beides und mampfen Sie ein paar Beeren oder pfl\u00fccken Sie Gem\u00fcse f\u00fcr Ihre n\u00e4chste Mahlzeit, w\u00e4hrend Sie die Blumen bewundern? In diesem Beitrag bieten wir einige wunderbare\/ungew\u00f6hnliche Kombinationen von Dekorativem mit N\u00fctzlichem","canonical_url":"https:\/\/flanca.si\/de\/selbstpflege-fuer-den-balkon-dekorativ-mit-nuetzlichem\/","robots":"max-image-preview:large","keywords":"","webmasterTools":{"google-site-verification":"1sO6GOIbhijVyOhvBZZbOsEVADo4T9w2a7D2KDR6zVI","miscellaneous":""},"schema":{"@context":"https:\/\/schema.org","@graph":[{"@type":"BlogPosting","@id":"https:\/\/flanca.si\/de\/selbstpflege-fuer-den-balkon-dekorativ-mit-nuetzlichem\/#blogposting","name":"Selbstpflege f\u00fcr den Balkon \u2013 dekorativ mit n\u00fctzlichem \u2013 vrtne sadike FLANCA","headline":"Selbstpflege f\u00fcr den Balkon &#8211; dekorativ mit n\u00fctzlichem","author":{"@id":"https:\/\/flanca.si\/de\/author\/jana\/#author"},"publisher":{"@id":"https:\/\/flanca.si\/de\/#organization"},"image":{"@type":"ImageObject","url":"https:\/\/flanca.si\/wp-content\/uploads\/2023\/02\/terasa.jpg","width":750,"height":317},"datePublished":"2023-02-16T12:45:29+01:00","dateModified":"2025-01-07T18:14:45+01:00","inLanguage":"de-DE","mainEntityOfPage":{"@id":"https:\/\/flanca.si\/de\/selbstpflege-fuer-den-balkon-dekorativ-mit-nuetzlichem\/#webpage"},"isPartOf":{"@id":"https:\/\/flanca.si\/de\/selbstpflege-fuer-den-balkon-dekorativ-mit-nuetzlichem\/#webpage"},"articleSection":"Garten, Kr\u00e4uter"},{"@type":"BreadcrumbList","@id":"https:\/\/flanca.si\/de\/selbstpflege-fuer-den-balkon-dekorativ-mit-nuetzlichem\/#breadcrumblist","itemListElement":[{"@type":"ListItem","@id":"https:\/\/flanca.si\/de\/#listItem","position":1,"name":"Domov","item":"https:\/\/flanca.si\/de\/","nextItem":{"@type":"ListItem","@id":"https:\/\/flanca.si\/de\/category\/garten\/#listItem","name":"Garten"}},{"@type":"ListItem","@id":"https:\/\/flanca.si\/de\/category\/garten\/#listItem","position":2,"name":"Garten","item":"https:\/\/flanca.si\/de\/category\/garten\/","nextItem":{"@type":"ListItem","@id":"https:\/\/flanca.si\/de\/selbstpflege-fuer-den-balkon-dekorativ-mit-nuetzlichem\/#listItem","name":"Selbstpflege f\u00fcr den Balkon &#8211; dekorativ mit n\u00fctzlichem"},"previousItem":{"@type":"ListItem","@id":"https:\/\/flanca.si\/de\/#listItem","name":"Domov"}},{"@type":"ListItem","@id":"https:\/\/flanca.si\/de\/selbstpflege-fuer-den-balkon-dekorativ-mit-nuetzlichem\/#listItem","position":3,"name":"Selbstpflege f\u00fcr den Balkon &#8211; dekorativ mit n\u00fctzlichem","previousItem":{"@type":"ListItem","@id":"https:\/\/flanca.si\/de\/category\/garten\/#listItem","name":"Garten"}}]},{"@type":"Organization","@id":"https:\/\/flanca.si\/de\/#organization","name":"vrtne sadike FLANCA","description":"Prodaja vrtnih sadik in ostale opreme","url":"https:\/\/flanca.si\/de\/","logo":{"@type":"ImageObject","url":"https:\/\/flanca.si\/wp-content\/uploads\/2019\/11\/spletna-trgovina-s-sadikami-flanca.png","@id":"https:\/\/flanca.si\/de\/selbstpflege-fuer-den-balkon-dekorativ-mit-nuetzlichem\/#organizationLogo","width":151,"height":50,"caption":"spletna trgovina s sadikami FLANCA"},"image":{"@id":"https:\/\/flanca.si\/de\/selbstpflege-fuer-den-balkon-dekorativ-mit-nuetzlichem\/#organizationLogo"}},{"@type":"Person","@id":"https:\/\/flanca.si\/de\/author\/jana\/#author","url":"https:\/\/flanca.si\/de\/author\/jana\/","name":"Jana Globo\u010dnik","image":{"@type":"ImageObject","@id":"https:\/\/flanca.si\/de\/selbstpflege-fuer-den-balkon-dekorativ-mit-nuetzlichem\/#authorImage","url":"https:\/\/flanca.si\/wp-content\/litespeed\/avatar\/82d8a3f6e7b669e4fbb18755fd8d5c5c.jpg?ver=1787944099","width":96,"height":96,"caption":"Jana Globo\u010dnik"}},{"@type":"WebPage","@id":"https:\/\/flanca.si\/de\/selbstpflege-fuer-den-balkon-dekorativ-mit-nuetzlichem\/#webpage","url":"https:\/\/flanca.si\/de\/selbstpflege-fuer-den-balkon-dekorativ-mit-nuetzlichem\/","name":"Selbstpflege f\u00fcr den Balkon \u2013 dekorativ mit n\u00fctzlichem \u2013 vrtne sadike FLANCA","description":"Balkone mit Blumen zu schm\u00fccken ist eine Konstante. Das Pflanzen von Gem\u00fcse in Balkontr\u00f6gen und T\u00f6pfen wird langsam eingef\u00fchrt. Warum kombinieren Sie nicht beides und mampfen Sie ein paar Beeren oder pfl\u00fccken Sie Gem\u00fcse f\u00fcr Ihre n\u00e4chste Mahlzeit, w\u00e4hrend Sie die Blumen bewundern? In diesem Beitrag bieten wir einige wunderbare\/ungew\u00f6hnliche Kombinationen von Dekorativem mit N\u00fctzlichem","inLanguage":"de-DE","isPartOf":{"@id":"https:\/\/flanca.si\/de\/#website"},"breadcrumb":{"@id":"https:\/\/flanca.si\/de\/selbstpflege-fuer-den-balkon-dekorativ-mit-nuetzlichem\/#breadcrumblist"},"author":{"@id":"https:\/\/flanca.si\/de\/author\/jana\/#author"},"creator":{"@id":"https:\/\/flanca.si\/de\/author\/jana\/#author"},"image":{"@type":"ImageObject","url":"https:\/\/flanca.si\/wp-content\/uploads\/2023\/02\/terasa.jpg","@id":"https:\/\/flanca.si\/de\/selbstpflege-fuer-den-balkon-dekorativ-mit-nuetzlichem\/#mainImage","width":750,"height":317},"primaryImageOfPage":{"@id":"https:\/\/flanca.si\/de\/selbstpflege-fuer-den-balkon-dekorativ-mit-nuetzlichem\/#mainImage"},"datePublished":"2023-02-16T12:45:29+01:00","dateModified":"2025-01-07T18:14:45+01:00"},{"@type":"WebSite","@id":"https:\/\/flanca.si\/de\/#website","url":"https:\/\/flanca.si\/de\/","name":"vrtne sadike FLANCA","description":"Prodaja vrtnih sadik in ostale opreme","inLanguage":"de-DE","publisher":{"@id":"https:\/\/flanca.si\/de\/#organization"}}]},"og:locale":"de_DE","og:site_name":"vrtne sadike FLANCA \u2013 Prodaja vrtnih sadik in ostale opreme","og:type":"article","og:title":"Selbstpflege f\u00fcr den Balkon \u2013 dekorativ mit n\u00fctzlichem \u2013 vrtne sadike FLANCA","og:description":"Balkone mit Blumen zu schm\u00fccken ist eine Konstante. Das Pflanzen von Gem\u00fcse in Balkontr\u00f6gen und T\u00f6pfen wird langsam eingef\u00fchrt. Warum kombinieren Sie nicht beides und mampfen Sie ein paar Beeren oder pfl\u00fccken Sie Gem\u00fcse f\u00fcr Ihre n\u00e4chste Mahlzeit, w\u00e4hrend Sie die Blumen bewundern? In diesem Beitrag bieten wir einige wunderbare\/ungew\u00f6hnliche Kombinationen von Dekorativem mit N\u00fctzlichem","og:url":"https:\/\/flanca.si\/de\/selbstpflege-fuer-den-balkon-dekorativ-mit-nuetzlichem\/","og:image":"https:\/\/flanca.si\/wp-content\/uploads\/2019\/11\/spletna-trgovina-s-sadikami-flanca.png","og:image:secure_url":"https:\/\/flanca.si\/wp-content\/uploads\/2019\/11\/spletna-trgovina-s-sadikami-flanca.png","article:published_time":"2023-02-16T11:45:29+00:00","article:modified_time":"2025-01-07T17:14:45+00:00","twitter:card":"summary_large_image","twitter:title":"Selbstpflege f\u00fcr den Balkon \u2013 dekorativ mit n\u00fctzlichem \u2013 vrtne sadike FLANCA","twitter:description":"Balkone mit Blumen zu schm\u00fccken ist eine Konstante. Das Pflanzen von Gem\u00fcse in Balkontr\u00f6gen und T\u00f6pfen wird langsam eingef\u00fchrt. Warum kombinieren Sie nicht beides und mampfen Sie ein paar Beeren oder pfl\u00fccken Sie Gem\u00fcse f\u00fcr Ihre n\u00e4chste Mahlzeit, w\u00e4hrend Sie die Blumen bewundern? In diesem Beitrag bieten wir einige wunderbare\/ungew\u00f6hnliche Kombinationen von Dekorativem mit N\u00fctzlichem","twitter:image":"https:\/\/flanca.si\/wp-content\/uploads\/2019\/11\/spletna-trgovina-s-sadikami-flanca.png"},"aioseo_meta_data":{"post_id":"14801","title":null,"description":null,"keywords":null,"keyphrases":null,"primary_term":null,"canonical_url":null,"og_title":null,"og_description":null,"og_object_type":"default","og_image_type":"default","og_image_url":null,"og_image_width":null,"og_image_height":null,"og_image_custom_url":null,"og_image_custom_fields":null,"og_video":null,"og_custom_url":null,"og_article_section":null,"og_article_tags":null,"twitter_use_og":false,"twitter_card":"default","twitter_image_type":"default","twitter_image_url":null,"twitter_image_custom_url":null,"twitter_image_custom_fields":null,"twitter_title":null,"twitter_description":null,"schema":{"blockGraphs":[],"customGraphs":[],"default":{"data":{"Article":[],"Course":[],"Dataset":[],"FAQPage":[],"Movie":[],"Person":[],"Product":[],"ProductReview":[],"Car":[],"Recipe":[],"Service":[],"SoftwareApplication":[],"WebPage":[]},"graphName":"","isEnabled":true},"graphs":[]},"schema_type":"default","schema_type_options":null,"pillar_content":false,"robots_default":true,"robots_noindex":false,"robots_noarchive":false,"robots_nosnippet":false,"robots_nofollow":false,"robots_noimageindex":false,"robots_noodp":false,"robots_notranslate":false,"robots_max_snippet":null,"robots_max_videopreview":null,"robots_max_imagepreview":"large","priority":null,"frequency":null,"local_seo":null,"breadcrumb_settings":null,"limit_modified_date":false,"ai":null,"created":"2025-01-07 17:14:46","updated":"2025-06-07 04:59:17","seo_analyzer_scan_date":null,"focus_keyword":null,"additional_keywords":null,"truseo_locale":null},"aioseo_breadcrumb":"<div class=\"aioseo-breadcrumbs\"><span class=\"aioseo-breadcrumb\">\n\t\t\t<a href=\"https:\/\/flanca.si\/de\/\" title=\"Domov\">Domov<\/a>\n\t\t<\/span><span class=\"aioseo-breadcrumb-separator\">\u00bb<\/span><span class=\"aioseo-breadcrumb\">\n\t\t\t<a href=\"https:\/\/flanca.si\/de\/category\/garten\/\" title=\"Garten\">Garten<\/a>\n\t\t<\/span><span class=\"aioseo-breadcrumb-separator\">\u00bb<\/span><span class=\"aioseo-breadcrumb\">\n\t\t\tSelbstpflege f\u00fcr den Balkon \u2013 dekorativ mit n\u00fctzlichem\n\t\t<\/span><\/div>","aioseo_breadcrumb_json":[{"label":"Domov","link":"https:\/\/flanca.si\/de\/"},{"label":"Garten","link":"https:\/\/flanca.si\/de\/category\/garten\/"},{"label":"Selbstpflege f\u00fcr den Balkon &#8211; dekorativ mit n\u00fctzlichem","link":"https:\/\/flanca.si\/de\/selbstpflege-fuer-den-balkon-dekorativ-mit-nuetzlichem\/"}],"_links":{"self":[{"href":"https:\/\/flanca.si\/de\/wp-json\/wp\/v2\/posts\/14801","targetHints":{"allow":["GET"]}}],"collection":[{"href":"https:\/\/flanca.si\/de\/wp-json\/wp\/v2\/posts"}],"about":[{"href":"https:\/\/flanca.si\/de\/wp-json\/wp\/v2\/types\/post"}],"author":[{"embeddable":true,"href":"https:\/\/flanca.si\/de\/wp-json\/wp\/v2\/users\/3"}],"replies":[{"embeddable":true,"href":"https:\/\/flanca.si\/de\/wp-json\/wp\/v2\/comments?post=14801"}],"version-history":[{"count":0,"href":"https:\/\/flanca.si\/de\/wp-json\/wp\/v2\/posts\/14801\/revisions"}],"wp:featuredmedia":[{"embeddable":true,"href":"https:\/\/flanca.si\/de\/wp-json\/wp\/v2\/media\/13522"}],"wp:attachment":[{"href":"https:\/\/flanca.si\/de\/wp-json\/wp\/v2\/media?parent=14801"}],"wp:term":[{"taxonomy":"category","embeddable":true,"href":"https:\/\/flanca.si\/de\/wp-json\/wp\/v2\/categories?post=14801"},{"taxonomy":"post_tag","embeddable":true,"href":"https:\/\/flanca.si\/de\/wp-json\/wp\/v2\/tags?post=14801"}],"curies":[{"name":"wp","href":"https:\/\/api.w.org\/{rel}","templated":true}]}}