{"id":14796,"date":"2023-02-16T09:10:34","date_gmt":"2023-02-16T08:10:34","guid":{"rendered":"https:\/\/flanca.si\/statt-blumiger-salattoepfe\/"},"modified":"2025-01-07T18:14:42","modified_gmt":"2025-01-07T17:14:42","slug":"statt-blumiger-salattoepfe","status":"publish","type":"post","link":"https:\/\/flanca.si\/de\/statt-blumiger-salattoepfe\/","title":{"rendered":"Statt blumiger Salatt\u00f6pfe"},"content":{"rendered":"\n<div class=\"wp-block-columns is-layout-flex wp-container-core-columns-is-layout-7387b849 wp-block-columns-is-layout-flex\">\n<div class=\"wp-block-column has-ast-global-color-5-background-color has-background is-layout-flow wp-block-column-is-layout-flow\" style=\"flex-basis:50%\">\n<div class=\"wp-block-group is-layout-flow wp-block-group-is-layout-flow\">\n<blockquote class=\"wp-block-quote is-layout-flow wp-block-quote-is-layout-flow\"><p>Salat ist eine ausgezeichnete saisonale Kulturpflanze im Fr\u00fchling, Sp\u00e4tsommer und Herbst. Auch wenn du selbst keinen Garten hast, kannst du Salat anbauen. Alles, was Sie brauchen, ist ein Trog oder ein Blumentopf und ein Balkon. Durch den Anbau in T\u00f6pfen versorgen Sie sich mit frischem Gem\u00fcse, und ohne Zusatzstoffe und Transportmittel wird es Schnecken, die Hauptsch\u00e4dlinge, schwerer haben, an Ihr Gem\u00fcse zu gelangen.   <\/p><\/blockquote>\n<\/div>\n\n\n\n<p class=\"has-background wp-block-paragraph\" style=\"background-color:#ebf3da\">Pflanzen Sie in T\u00f6pfen und Tr\u00f6gen Salate, die keine K\u00f6pfe bilden. Wir k\u00f6nnen solche Salate ernten und so f\u00fcr mehr Ernte sorgen. Bei der Ernte eines solchen Salats werden die \u00e4u\u00dferen Bl\u00e4tter verwendet und das Innere bleibt der Pflanze \u00fcberlassen, damit sie weiter gedeihen kann.  <\/p>\n\n\n\n<div class=\"wp-block-image\"><figure class=\"aligncenter size-full is-resized\"><img fetchpriority=\"high\" decoding=\"async\" src=\"https:\/\/flanca.si\/wp-content\/uploads\/2023\/02\/solata_lonci-1.jpg\" alt=\"\" class=\"wp-image-7305\" width=\"370\" height=\"214\" srcset=\"https:\/\/flanca.si\/wp-content\/uploads\/2023\/02\/solata_lonci-1.jpg 1009w, https:\/\/flanca.si\/wp-content\/uploads\/2023\/02\/solata_lonci-1-300x174.jpg 300w, https:\/\/flanca.si\/wp-content\/uploads\/2023\/02\/solata_lonci-1-768x445.jpg 768w, https:\/\/flanca.si\/wp-content\/uploads\/2023\/02\/solata_lonci-1-600x347.jpg 600w\" sizes=\"(max-width: 370px) 100vw, 370px\" \/><\/figure><\/div>\n\n\n\n<p class=\"has-ast-global-color-5-background-color has-background wp-block-paragraph\"><\/p>\n<\/div>\n\n\n\n<div class=\"wp-block-column is-layout-flow wp-block-column-is-layout-flow\" style=\"flex-basis:50%\">\n<div class=\"wp-block-image\"><figure class=\"aligncenter size-full is-resized\"><img decoding=\"async\" src=\"https:\/\/flanca.si\/wp-content\/uploads\/2023\/02\/lonci_baby.jpg\" alt=\"\" class=\"wp-image-7272\" width=\"512\" height=\"344\" srcset=\"https:\/\/flanca.si\/wp-content\/uploads\/2023\/02\/lonci_baby.jpg 640w, https:\/\/flanca.si\/wp-content\/uploads\/2023\/02\/lonci_baby-300x202.jpg 300w, https:\/\/flanca.si\/wp-content\/uploads\/2023\/02\/lonci_baby-600x403.jpg 600w\" sizes=\"(max-width: 512px) 100vw, 512px\" \/><\/figure><\/div>\n\n\n\n<p class=\"wp-block-paragraph\"><em>Im Trog k\u00f6nnen Sie Pflanzen dichter s\u00e4en. Wenn sie auf die gew\u00fcnschte Gr\u00f6\u00dfe herangewachsen sind, schneiden Sie sie ab und lassen Sie sie wieder keimen.   <\/em><\/p>\n\n\n\n<hr class=\"wp-block-separator is-style-wide\" \/>\n\n\n\n<p class=\"wp-block-paragraph\">Wir k\u00f6nnen auch Baby-Blattsalat pflanzen oder s\u00e4en, den wir als Ernte ernten. Wenn wir m\u00f6chten, dass der Salat zu seiner endg\u00fcltigen Gr\u00f6\u00dfe heranw\u00e4chst, pflanzen Sie die Setzlinge in einem Abstand von 30 cm. <\/p>\n<\/div>\n<\/div>\n\n<p class=\"has-ast-global-color-5-background-color has-background wp-block-paragraph\">Die am besten geeigneten Sorten f\u00fcr den Anbau in T\u00f6pfen sind <strong><a href=\"https:\/\/flanca.si\/de\/produkt\/nichtjuedischer-salat\/\" data-type=\"URL\" data-id=\"https:\/\/flanca.si\/izdelek\/solata-gentile\/\">Gentile<\/a>, <a href=\"https:\/\/flanca.si\/de\/produkt\/comice-kristall-salat\/\" data-type=\"URL\" data-id=\"https:\/\/flanca.si\/izdelek\/solata-kristalka\/\">Kristalka<\/a>, <a href=\"https:\/\/flanca.si\/de\/produkt\/kristallroter-salat\/\" data-type=\"URL\" data-id=\"https:\/\/flanca.si\/izdelek\/solata-gentile-rdeca\/\">Red Crystal,<\/a> <a href=\"https:\/\/flanca.si\/de\/produkt\/lollo-rossa-salat\/\" data-type=\"URL\" data-id=\"https:\/\/flanca.si\/izdelek\/solata-lollo-rossa\/\">Lollo Rossa<\/a>, <a href=\"https:\/\/flanca.si\/de\/produkt\/salat-eichenblatt-gruen\/\" data-type=\"URL\" data-id=\"https:\/\/flanca.si\/izdelek\/solata-hrastov-list-zelen\/\">Eichblatt<\/a>, <a href=\"https:\/\/flanca.si\/de\/produkt\/romano-salat-gruen\/\" data-type=\"URL\" data-id=\"https:\/\/flanca.si\/izdelek\/solata-romano-zelena\/\">Romanosalat<\/a>, <a href=\"https:\/\/flanca.si\/de\/produkt\/salanova-roter-salat\/\" data-type=\"URL\" data-id=\"https:\/\/flanca.si\/izdelek\/solata-salanova-rdeca\/\">Salanova<\/a>, <\/strong><a href=\"https:\/\/flanca.si\/de\/kategorija-izdelka\/salate\/?filter_vrsta=rukola\" data-type=\"URL\" data-id=\"https:\/\/flanca.si\/kategorija-izdelka\/solata\/?filter_vrsta=rukola\"><strong>Rucola<\/strong> <\/a>und <strong><a href=\"https:\/\/flanca.si\/de\/kategorija-izdelka\/salate\/?filter_vrsta=motovilec\" data-type=\"URL\" data-id=\"https:\/\/flanca.si\/kategorija-izdelka\/solata\/?filter_vrsta=motovilec\">Motovinica<\/a><\/strong>. Sie k\u00f6nnen alle diese Sorten auf unserer <a href=\"https:\/\/flanca.si\/de\/\" data-type=\"URL\" data-id=\"https:\/\/flanca.si\/de\/\"><strong>Website Flanca.si<\/strong><\/a> finden und mehr \u00fcber sie lesen.   <\/p>\n\n<p class=\"has-background wp-block-paragraph\" style=\"background-color:#ebf3da\">Bei der Wahl des Beh\u00e4lters kann man zwischen Ton-, Kunststoff-, Glas- und Holzbeh\u00e4ltern w\u00e4hlen. Wir k\u00f6nnen auch einige Beh\u00e4lter verwenden, die wir sonst wegwerfen w\u00fcrden. Wir m\u00fcssen die Eigenschaften des Materials ber\u00fccksichtigen, zum Beispiel: Tont\u00f6pfe sind por\u00f6s, was bedeutet, dass das Wasser schneller verdunstet und die S\u00e4mlinge daher h\u00e4ufiger gegossen werden m\u00fcssen. Bei undurchl\u00e4ssigen Materialien ist es jedoch notwendig, auf das andere Extrem zu achten &#8211; damit unsere S\u00e4mlinge nicht durch \u00fcberm\u00e4\u00dfige Feuchtigkeit verrotten. Stellen Sie die T\u00f6pfe auf die Sonnenseite.  <\/p>\n\n<div class=\"wp-block-buttons is-layout-flex wp-block-buttons-is-layout-flex\">\n<div class=\"wp-block-button\"><a class=\"wp-block-button__link\" href=\"https:\/\/flanca.si\/de\/\">Besuchen Sie den Online-Shop<\/a><\/div>\n<\/div>\n\n<p class=\"wp-block-paragraph\"><\/p>\n","protected":false},"excerpt":{"rendered":"<p>Salat ist eine ausgezeichnete saisonale Kulturpflanze im Fr\u00fchling, Sp\u00e4tsommer und Herbst. Auch wenn du selbst keinen Garten hast, kannst du Salat anbauen. Alles, was Sie brauchen, ist ein Trog oder ein Blumentopf und ein Balkon. Durch den Anbau in T\u00f6pfen versorgen Sie sich mit frischem Gem\u00fcse, und ohne Zusatzstoffe und [&hellip;]<\/p>\n","protected":false},"author":3,"featured_media":13520,"comment_status":"closed","ping_status":"open","sticky":false,"template":"","format":"standard","meta":{"site-sidebar-layout":"default","site-content-layout":"","ast-site-content-layout":"default","site-content-style":"default","site-sidebar-style":"default","ast-global-header-display":"","ast-banner-title-visibility":"","ast-main-header-display":"","ast-hfb-above-header-display":"","ast-hfb-below-header-display":"","ast-hfb-mobile-header-display":"","site-post-title":"","ast-breadcrumbs-content":"","ast-featured-img":"","footer-sml-layout":"","ast-disable-related-posts":"","theme-transparent-header-meta":"","adv-header-id-meta":"","stick-header-meta":"","header-above-stick-meta":"","header-main-stick-meta":"","header-below-stick-meta":"","astra-migrate-meta-layouts":"default","ast-page-background-enabled":"default","ast-page-background-meta":{"desktop":{"background-color":"","background-image":"","background-repeat":"repeat","background-position":"center center","background-size":"auto","background-attachment":"scroll","background-type":"","background-media":"","overlay-type":"","overlay-color":"","overlay-opacity":"","overlay-gradient":""},"tablet":{"background-color":"","background-image":"","background-repeat":"repeat","background-position":"center center","background-size":"auto","background-attachment":"scroll","background-type":"","background-media":"","overlay-type":"","overlay-color":"","overlay-opacity":"","overlay-gradient":""},"mobile":{"background-color":"","background-image":"","background-repeat":"repeat","background-position":"center center","background-size":"auto","background-attachment":"scroll","background-type":"","background-media":"","overlay-type":"","overlay-color":"","overlay-opacity":"","overlay-gradient":""}},"ast-content-background-meta":{"desktop":{"background-color":"var(--ast-global-color-5)","background-image":"","background-repeat":"repeat","background-position":"center center","background-size":"auto","background-attachment":"scroll","background-type":"","background-media":"","overlay-type":"","overlay-color":"","overlay-opacity":"","overlay-gradient":""},"tablet":{"background-color":"var(--ast-global-color-5)","background-image":"","background-repeat":"repeat","background-position":"center center","background-size":"auto","background-attachment":"scroll","background-type":"","background-media":"","overlay-type":"","overlay-color":"","overlay-opacity":"","overlay-gradient":""},"mobile":{"background-color":"var(--ast-global-color-5)","background-image":"","background-repeat":"repeat","background-position":"center center","background-size":"auto","background-attachment":"scroll","background-type":"","background-media":"","overlay-type":"","overlay-color":"","overlay-opacity":"","overlay-gradient":""}},"footnotes":""},"categories":[897,905],"tags":[],"class_list":["post-14796","post","type-post","status-publish","format-standard","has-post-thumbnail","hentry","category-garten","category-krauter"],"aioseo_notices":[],"aioseo_head":"\n\t\t<!-- All in One SEO 5.0.1.1 - aioseo.com -->\n\t<meta name=\"description\" content=\"Salat ist eine ausgezeichnete saisonale Kulturpflanze im Fr\u00fchling, Sp\u00e4tsommer und Herbst. Auch wenn du selbst keinen Garten hast, kannst du Salat anbauen. Alles, was Sie brauchen, ist ein Trog oder ein Blumentopf und ein Balkon. Durch den Anbau in T\u00f6pfen versorgen Sie sich mit frischem Gem\u00fcse, und ohne Zusatzstoffe und Transportmittel wird es Schnecken, die\" \/>\n\t<meta name=\"robots\" content=\"max-image-preview:large\" \/>\n\t<meta name=\"author\" content=\"Jana Globo\u010dnik\"\/>\n\t<meta name=\"google-site-verification\" content=\"1sO6GOIbhijVyOhvBZZbOsEVADo4T9w2a7D2KDR6zVI\" \/>\n\t<link rel=\"canonical\" href=\"https:\/\/flanca.si\/de\/statt-blumiger-salattoepfe\/\" \/>\n\t<meta name=\"generator\" content=\"All in One SEO (AIOSEO) 5.0.1.1\" \/>\n\t\t<meta property=\"og:locale\" content=\"de_DE\" \/>\n\t\t<meta property=\"og:site_name\" content=\"vrtne sadike FLANCA \u2013 Prodaja vrtnih sadik in ostale opreme\" \/>\n\t\t<meta property=\"og:type\" content=\"article\" \/>\n\t\t<meta property=\"og:title\" content=\"Statt blumiger Salatt\u00f6pfe \u2013 vrtne sadike FLANCA\" \/>\n\t\t<meta property=\"og:description\" content=\"Salat ist eine ausgezeichnete saisonale Kulturpflanze im Fr\u00fchling, Sp\u00e4tsommer und Herbst. Auch wenn du selbst keinen Garten hast, kannst du Salat anbauen. Alles, was Sie brauchen, ist ein Trog oder ein Blumentopf und ein Balkon. Durch den Anbau in T\u00f6pfen versorgen Sie sich mit frischem Gem\u00fcse, und ohne Zusatzstoffe und Transportmittel wird es Schnecken, die\" \/>\n\t\t<meta property=\"og:url\" content=\"https:\/\/flanca.si\/de\/statt-blumiger-salattoepfe\/\" \/>\n\t\t<meta property=\"og:image\" content=\"https:\/\/flanca.si\/wp-content\/uploads\/2019\/11\/spletna-trgovina-s-sadikami-flanca.png\" \/>\n\t\t<meta property=\"og:image:secure_url\" content=\"https:\/\/flanca.si\/wp-content\/uploads\/2019\/11\/spletna-trgovina-s-sadikami-flanca.png\" \/>\n\t\t<meta property=\"article:published_time\" content=\"2023-02-16T08:10:34+00:00\" \/>\n\t\t<meta property=\"article:modified_time\" content=\"2025-01-07T17:14:42+00:00\" \/>\n\t\t<meta name=\"twitter:card\" content=\"summary_large_image\" \/>\n\t\t<meta name=\"twitter:title\" content=\"Statt blumiger Salatt\u00f6pfe \u2013 vrtne sadike FLANCA\" \/>\n\t\t<meta name=\"twitter:description\" content=\"Salat ist eine ausgezeichnete saisonale Kulturpflanze im Fr\u00fchling, Sp\u00e4tsommer und Herbst. Auch wenn du selbst keinen Garten hast, kannst du Salat anbauen. Alles, was Sie brauchen, ist ein Trog oder ein Blumentopf und ein Balkon. Durch den Anbau in T\u00f6pfen versorgen Sie sich mit frischem Gem\u00fcse, und ohne Zusatzstoffe und Transportmittel wird es Schnecken, die\" \/>\n\t\t<meta name=\"twitter:image\" content=\"https:\/\/flanca.si\/wp-content\/uploads\/2019\/11\/spletna-trgovina-s-sadikami-flanca.png\" \/>\n\t\t<script type=\"application\/ld+json\" class=\"aioseo-schema\">\n\t\t\t{\"@context\":\"https:\\\/\\\/schema.org\",\"@graph\":[{\"@type\":\"BlogPosting\",\"@id\":\"https:\\\/\\\/flanca.si\\\/de\\\/statt-blumiger-salattoepfe\\\/#blogposting\",\"name\":\"Statt blumiger Salatt\\u00f6pfe \\u2013 vrtne sadike FLANCA\",\"headline\":\"Statt blumiger Salatt\\u00f6pfe\",\"author\":{\"@id\":\"https:\\\/\\\/flanca.si\\\/de\\\/author\\\/jana\\\/#author\"},\"publisher\":{\"@id\":\"https:\\\/\\\/flanca.si\\\/de\\\/#organization\"},\"image\":{\"@type\":\"ImageObject\",\"url\":\"https:\\\/\\\/flanca.si\\\/wp-content\\\/uploads\\\/2023\\\/02\\\/prve_solate2.jpg\",\"width\":1253,\"height\":302},\"datePublished\":\"2023-02-16T09:10:34+01:00\",\"dateModified\":\"2025-01-07T18:14:42+01:00\",\"inLanguage\":\"de-DE\",\"mainEntityOfPage\":{\"@id\":\"https:\\\/\\\/flanca.si\\\/de\\\/statt-blumiger-salattoepfe\\\/#webpage\"},\"isPartOf\":{\"@id\":\"https:\\\/\\\/flanca.si\\\/de\\\/statt-blumiger-salattoepfe\\\/#webpage\"},\"articleSection\":\"Garten, Kr\\u00e4uter\"},{\"@type\":\"BreadcrumbList\",\"@id\":\"https:\\\/\\\/flanca.si\\\/de\\\/statt-blumiger-salattoepfe\\\/#breadcrumblist\",\"itemListElement\":[{\"@type\":\"ListItem\",\"@id\":\"https:\\\/\\\/flanca.si\\\/de\\\/#listItem\",\"position\":1,\"name\":\"Domov\",\"item\":\"https:\\\/\\\/flanca.si\\\/de\\\/\",\"nextItem\":{\"@type\":\"ListItem\",\"@id\":\"https:\\\/\\\/flanca.si\\\/de\\\/category\\\/garten\\\/#listItem\",\"name\":\"Garten\"}},{\"@type\":\"ListItem\",\"@id\":\"https:\\\/\\\/flanca.si\\\/de\\\/category\\\/garten\\\/#listItem\",\"position\":2,\"name\":\"Garten\",\"item\":\"https:\\\/\\\/flanca.si\\\/de\\\/category\\\/garten\\\/\",\"nextItem\":{\"@type\":\"ListItem\",\"@id\":\"https:\\\/\\\/flanca.si\\\/de\\\/statt-blumiger-salattoepfe\\\/#listItem\",\"name\":\"Statt blumiger Salatt\\u00f6pfe\"},\"previousItem\":{\"@type\":\"ListItem\",\"@id\":\"https:\\\/\\\/flanca.si\\\/de\\\/#listItem\",\"name\":\"Domov\"}},{\"@type\":\"ListItem\",\"@id\":\"https:\\\/\\\/flanca.si\\\/de\\\/statt-blumiger-salattoepfe\\\/#listItem\",\"position\":3,\"name\":\"Statt blumiger Salatt\\u00f6pfe\",\"previousItem\":{\"@type\":\"ListItem\",\"@id\":\"https:\\\/\\\/flanca.si\\\/de\\\/category\\\/garten\\\/#listItem\",\"name\":\"Garten\"}}]},{\"@type\":\"Organization\",\"@id\":\"https:\\\/\\\/flanca.si\\\/de\\\/#organization\",\"name\":\"vrtne sadike FLANCA\",\"description\":\"Prodaja vrtnih sadik in ostale opreme\",\"url\":\"https:\\\/\\\/flanca.si\\\/de\\\/\",\"logo\":{\"@type\":\"ImageObject\",\"url\":\"https:\\\/\\\/flanca.si\\\/wp-content\\\/uploads\\\/2019\\\/11\\\/spletna-trgovina-s-sadikami-flanca.png\",\"@id\":\"https:\\\/\\\/flanca.si\\\/de\\\/statt-blumiger-salattoepfe\\\/#organizationLogo\",\"width\":151,\"height\":50,\"caption\":\"spletna trgovina s sadikami FLANCA\"},\"image\":{\"@id\":\"https:\\\/\\\/flanca.si\\\/de\\\/statt-blumiger-salattoepfe\\\/#organizationLogo\"}},{\"@type\":\"Person\",\"@id\":\"https:\\\/\\\/flanca.si\\\/de\\\/author\\\/jana\\\/#author\",\"url\":\"https:\\\/\\\/flanca.si\\\/de\\\/author\\\/jana\\\/\",\"name\":\"Jana Globo\\u010dnik\",\"image\":{\"@type\":\"ImageObject\",\"@id\":\"https:\\\/\\\/flanca.si\\\/de\\\/statt-blumiger-salattoepfe\\\/#authorImage\",\"url\":\"https:\\\/\\\/flanca.si\\\/wp-content\\\/litespeed\\\/avatar\\\/82d8a3f6e7b669e4fbb18755fd8d5c5c.jpg?ver=1788548908\",\"width\":96,\"height\":96,\"caption\":\"Jana Globo\\u010dnik\"}},{\"@type\":\"WebPage\",\"@id\":\"https:\\\/\\\/flanca.si\\\/de\\\/statt-blumiger-salattoepfe\\\/#webpage\",\"url\":\"https:\\\/\\\/flanca.si\\\/de\\\/statt-blumiger-salattoepfe\\\/\",\"name\":\"Statt blumiger Salatt\\u00f6pfe \\u2013 vrtne sadike FLANCA\",\"description\":\"Salat ist eine ausgezeichnete saisonale Kulturpflanze im Fr\\u00fchling, Sp\\u00e4tsommer und Herbst. Auch wenn du selbst keinen Garten hast, kannst du Salat anbauen. Alles, was Sie brauchen, ist ein Trog oder ein Blumentopf und ein Balkon. Durch den Anbau in T\\u00f6pfen versorgen Sie sich mit frischem Gem\\u00fcse, und ohne Zusatzstoffe und Transportmittel wird es Schnecken, die\",\"inLanguage\":\"de-DE\",\"isPartOf\":{\"@id\":\"https:\\\/\\\/flanca.si\\\/de\\\/#website\"},\"breadcrumb\":{\"@id\":\"https:\\\/\\\/flanca.si\\\/de\\\/statt-blumiger-salattoepfe\\\/#breadcrumblist\"},\"author\":{\"@id\":\"https:\\\/\\\/flanca.si\\\/de\\\/author\\\/jana\\\/#author\"},\"creator\":{\"@id\":\"https:\\\/\\\/flanca.si\\\/de\\\/author\\\/jana\\\/#author\"},\"image\":{\"@type\":\"ImageObject\",\"url\":\"https:\\\/\\\/flanca.si\\\/wp-content\\\/uploads\\\/2023\\\/02\\\/prve_solate2.jpg\",\"@id\":\"https:\\\/\\\/flanca.si\\\/de\\\/statt-blumiger-salattoepfe\\\/#mainImage\",\"width\":1253,\"height\":302},\"primaryImageOfPage\":{\"@id\":\"https:\\\/\\\/flanca.si\\\/de\\\/statt-blumiger-salattoepfe\\\/#mainImage\"},\"datePublished\":\"2023-02-16T09:10:34+01:00\",\"dateModified\":\"2025-01-07T18:14:42+01:00\"},{\"@type\":\"WebSite\",\"@id\":\"https:\\\/\\\/flanca.si\\\/de\\\/#website\",\"url\":\"https:\\\/\\\/flanca.si\\\/de\\\/\",\"name\":\"vrtne sadike FLANCA\",\"description\":\"Prodaja vrtnih sadik in ostale opreme\",\"inLanguage\":\"de-DE\",\"publisher\":{\"@id\":\"https:\\\/\\\/flanca.si\\\/de\\\/#organization\"}}]}\n\t\t<\/script>\n\t\t<!-- All in One SEO -->\n\n","aioseo_head_json":{"title":"Statt blumiger Salatt\u00f6pfe \u2013 vrtne sadike FLANCA","description":"Salat ist eine ausgezeichnete saisonale Kulturpflanze im Fr\u00fchling, Sp\u00e4tsommer und Herbst. Auch wenn du selbst keinen Garten hast, kannst du Salat anbauen. Alles, was Sie brauchen, ist ein Trog oder ein Blumentopf und ein Balkon. Durch den Anbau in T\u00f6pfen versorgen Sie sich mit frischem Gem\u00fcse, und ohne Zusatzstoffe und Transportmittel wird es Schnecken, die","canonical_url":"https:\/\/flanca.si\/de\/statt-blumiger-salattoepfe\/","robots":"max-image-preview:large","keywords":"","webmasterTools":{"google-site-verification":"1sO6GOIbhijVyOhvBZZbOsEVADo4T9w2a7D2KDR6zVI","miscellaneous":""},"schema":{"@context":"https:\/\/schema.org","@graph":[{"@type":"BlogPosting","@id":"https:\/\/flanca.si\/de\/statt-blumiger-salattoepfe\/#blogposting","name":"Statt blumiger Salatt\u00f6pfe \u2013 vrtne sadike FLANCA","headline":"Statt blumiger Salatt\u00f6pfe","author":{"@id":"https:\/\/flanca.si\/de\/author\/jana\/#author"},"publisher":{"@id":"https:\/\/flanca.si\/de\/#organization"},"image":{"@type":"ImageObject","url":"https:\/\/flanca.si\/wp-content\/uploads\/2023\/02\/prve_solate2.jpg","width":1253,"height":302},"datePublished":"2023-02-16T09:10:34+01:00","dateModified":"2025-01-07T18:14:42+01:00","inLanguage":"de-DE","mainEntityOfPage":{"@id":"https:\/\/flanca.si\/de\/statt-blumiger-salattoepfe\/#webpage"},"isPartOf":{"@id":"https:\/\/flanca.si\/de\/statt-blumiger-salattoepfe\/#webpage"},"articleSection":"Garten, Kr\u00e4uter"},{"@type":"BreadcrumbList","@id":"https:\/\/flanca.si\/de\/statt-blumiger-salattoepfe\/#breadcrumblist","itemListElement":[{"@type":"ListItem","@id":"https:\/\/flanca.si\/de\/#listItem","position":1,"name":"Domov","item":"https:\/\/flanca.si\/de\/","nextItem":{"@type":"ListItem","@id":"https:\/\/flanca.si\/de\/category\/garten\/#listItem","name":"Garten"}},{"@type":"ListItem","@id":"https:\/\/flanca.si\/de\/category\/garten\/#listItem","position":2,"name":"Garten","item":"https:\/\/flanca.si\/de\/category\/garten\/","nextItem":{"@type":"ListItem","@id":"https:\/\/flanca.si\/de\/statt-blumiger-salattoepfe\/#listItem","name":"Statt blumiger Salatt\u00f6pfe"},"previousItem":{"@type":"ListItem","@id":"https:\/\/flanca.si\/de\/#listItem","name":"Domov"}},{"@type":"ListItem","@id":"https:\/\/flanca.si\/de\/statt-blumiger-salattoepfe\/#listItem","position":3,"name":"Statt blumiger Salatt\u00f6pfe","previousItem":{"@type":"ListItem","@id":"https:\/\/flanca.si\/de\/category\/garten\/#listItem","name":"Garten"}}]},{"@type":"Organization","@id":"https:\/\/flanca.si\/de\/#organization","name":"vrtne sadike FLANCA","description":"Prodaja vrtnih sadik in ostale opreme","url":"https:\/\/flanca.si\/de\/","logo":{"@type":"ImageObject","url":"https:\/\/flanca.si\/wp-content\/uploads\/2019\/11\/spletna-trgovina-s-sadikami-flanca.png","@id":"https:\/\/flanca.si\/de\/statt-blumiger-salattoepfe\/#organizationLogo","width":151,"height":50,"caption":"spletna trgovina s sadikami FLANCA"},"image":{"@id":"https:\/\/flanca.si\/de\/statt-blumiger-salattoepfe\/#organizationLogo"}},{"@type":"Person","@id":"https:\/\/flanca.si\/de\/author\/jana\/#author","url":"https:\/\/flanca.si\/de\/author\/jana\/","name":"Jana Globo\u010dnik","image":{"@type":"ImageObject","@id":"https:\/\/flanca.si\/de\/statt-blumiger-salattoepfe\/#authorImage","url":"https:\/\/flanca.si\/wp-content\/litespeed\/avatar\/82d8a3f6e7b669e4fbb18755fd8d5c5c.jpg?ver=1788548908","width":96,"height":96,"caption":"Jana Globo\u010dnik"}},{"@type":"WebPage","@id":"https:\/\/flanca.si\/de\/statt-blumiger-salattoepfe\/#webpage","url":"https:\/\/flanca.si\/de\/statt-blumiger-salattoepfe\/","name":"Statt blumiger Salatt\u00f6pfe \u2013 vrtne sadike FLANCA","description":"Salat ist eine ausgezeichnete saisonale Kulturpflanze im Fr\u00fchling, Sp\u00e4tsommer und Herbst. Auch wenn du selbst keinen Garten hast, kannst du Salat anbauen. Alles, was Sie brauchen, ist ein Trog oder ein Blumentopf und ein Balkon. Durch den Anbau in T\u00f6pfen versorgen Sie sich mit frischem Gem\u00fcse, und ohne Zusatzstoffe und Transportmittel wird es Schnecken, die","inLanguage":"de-DE","isPartOf":{"@id":"https:\/\/flanca.si\/de\/#website"},"breadcrumb":{"@id":"https:\/\/flanca.si\/de\/statt-blumiger-salattoepfe\/#breadcrumblist"},"author":{"@id":"https:\/\/flanca.si\/de\/author\/jana\/#author"},"creator":{"@id":"https:\/\/flanca.si\/de\/author\/jana\/#author"},"image":{"@type":"ImageObject","url":"https:\/\/flanca.si\/wp-content\/uploads\/2023\/02\/prve_solate2.jpg","@id":"https:\/\/flanca.si\/de\/statt-blumiger-salattoepfe\/#mainImage","width":1253,"height":302},"primaryImageOfPage":{"@id":"https:\/\/flanca.si\/de\/statt-blumiger-salattoepfe\/#mainImage"},"datePublished":"2023-02-16T09:10:34+01:00","dateModified":"2025-01-07T18:14:42+01:00"},{"@type":"WebSite","@id":"https:\/\/flanca.si\/de\/#website","url":"https:\/\/flanca.si\/de\/","name":"vrtne sadike FLANCA","description":"Prodaja vrtnih sadik in ostale opreme","inLanguage":"de-DE","publisher":{"@id":"https:\/\/flanca.si\/de\/#organization"}}]},"og:locale":"de_DE","og:site_name":"vrtne sadike FLANCA \u2013 Prodaja vrtnih sadik in ostale opreme","og:type":"article","og:title":"Statt blumiger Salatt\u00f6pfe \u2013 vrtne sadike FLANCA","og:description":"Salat ist eine ausgezeichnete saisonale Kulturpflanze im Fr\u00fchling, Sp\u00e4tsommer und Herbst. Auch wenn du selbst keinen Garten hast, kannst du Salat anbauen. Alles, was Sie brauchen, ist ein Trog oder ein Blumentopf und ein Balkon. Durch den Anbau in T\u00f6pfen versorgen Sie sich mit frischem Gem\u00fcse, und ohne Zusatzstoffe und Transportmittel wird es Schnecken, die","og:url":"https:\/\/flanca.si\/de\/statt-blumiger-salattoepfe\/","og:image":"https:\/\/flanca.si\/wp-content\/uploads\/2019\/11\/spletna-trgovina-s-sadikami-flanca.png","og:image:secure_url":"https:\/\/flanca.si\/wp-content\/uploads\/2019\/11\/spletna-trgovina-s-sadikami-flanca.png","article:published_time":"2023-02-16T08:10:34+00:00","article:modified_time":"2025-01-07T17:14:42+00:00","twitter:card":"summary_large_image","twitter:title":"Statt blumiger Salatt\u00f6pfe \u2013 vrtne sadike FLANCA","twitter:description":"Salat ist eine ausgezeichnete saisonale Kulturpflanze im Fr\u00fchling, Sp\u00e4tsommer und Herbst. Auch wenn du selbst keinen Garten hast, kannst du Salat anbauen. Alles, was Sie brauchen, ist ein Trog oder ein Blumentopf und ein Balkon. Durch den Anbau in T\u00f6pfen versorgen Sie sich mit frischem Gem\u00fcse, und ohne Zusatzstoffe und Transportmittel wird es Schnecken, die","twitter:image":"https:\/\/flanca.si\/wp-content\/uploads\/2019\/11\/spletna-trgovina-s-sadikami-flanca.png"},"aioseo_meta_data":{"post_id":"14796","title":null,"description":null,"keywords":null,"keyphrases":null,"primary_term":null,"canonical_url":null,"og_title":null,"og_description":null,"og_object_type":"default","og_image_type":"default","og_image_url":null,"og_image_width":null,"og_image_height":null,"og_image_custom_url":null,"og_image_custom_fields":null,"og_video":null,"og_custom_url":null,"og_article_section":null,"og_article_tags":null,"twitter_use_og":false,"twitter_card":"default","twitter_image_type":"default","twitter_image_url":null,"twitter_image_custom_url":null,"twitter_image_custom_fields":null,"twitter_title":null,"twitter_description":null,"schema":{"blockGraphs":[],"customGraphs":[],"default":{"data":{"Article":[],"Course":[],"Dataset":[],"FAQPage":[],"Movie":[],"Person":[],"Product":[],"ProductReview":[],"Car":[],"Recipe":[],"Service":[],"SoftwareApplication":[],"WebPage":[]},"graphName":"","isEnabled":true},"graphs":[]},"schema_type":"default","schema_type_options":null,"pillar_content":false,"robots_default":true,"robots_noindex":false,"robots_noarchive":false,"robots_nosnippet":false,"robots_nofollow":false,"robots_noimageindex":false,"robots_noodp":false,"robots_notranslate":false,"robots_max_snippet":null,"robots_max_videopreview":null,"robots_max_imagepreview":"large","priority":null,"frequency":null,"local_seo":null,"breadcrumb_settings":null,"limit_modified_date":false,"ai":null,"created":"2025-01-07 17:14:42","updated":"2025-06-07 04:59:16","seo_analyzer_scan_date":null,"focus_keyword":null,"additional_keywords":null,"truseo_locale":null},"aioseo_breadcrumb":"<div class=\"aioseo-breadcrumbs\"><span class=\"aioseo-breadcrumb\">\n\t\t\t<a href=\"https:\/\/flanca.si\/de\/\" title=\"Domov\">Domov<\/a>\n\t\t<\/span><span class=\"aioseo-breadcrumb-separator\">\u00bb<\/span><span class=\"aioseo-breadcrumb\">\n\t\t\t<a href=\"https:\/\/flanca.si\/de\/category\/garten\/\" title=\"Garten\">Garten<\/a>\n\t\t<\/span><span class=\"aioseo-breadcrumb-separator\">\u00bb<\/span><span class=\"aioseo-breadcrumb\">\n\t\t\tStatt blumiger Salatt\u00f6pfe\n\t\t<\/span><\/div>","aioseo_breadcrumb_json":[{"label":"Domov","link":"https:\/\/flanca.si\/de\/"},{"label":"Garten","link":"https:\/\/flanca.si\/de\/category\/garten\/"},{"label":"Statt blumiger Salatt\u00f6pfe","link":"https:\/\/flanca.si\/de\/statt-blumiger-salattoepfe\/"}],"_links":{"self":[{"href":"https:\/\/flanca.si\/de\/wp-json\/wp\/v2\/posts\/14796","targetHints":{"allow":["GET"]}}],"collection":[{"href":"https:\/\/flanca.si\/de\/wp-json\/wp\/v2\/posts"}],"about":[{"href":"https:\/\/flanca.si\/de\/wp-json\/wp\/v2\/types\/post"}],"author":[{"embeddable":true,"href":"https:\/\/flanca.si\/de\/wp-json\/wp\/v2\/users\/3"}],"replies":[{"embeddable":true,"href":"https:\/\/flanca.si\/de\/wp-json\/wp\/v2\/comments?post=14796"}],"version-history":[{"count":0,"href":"https:\/\/flanca.si\/de\/wp-json\/wp\/v2\/posts\/14796\/revisions"}],"wp:featuredmedia":[{"embeddable":true,"href":"https:\/\/flanca.si\/de\/wp-json\/wp\/v2\/media\/13520"}],"wp:attachment":[{"href":"https:\/\/flanca.si\/de\/wp-json\/wp\/v2\/media?parent=14796"}],"wp:term":[{"taxonomy":"category","embeddable":true,"href":"https:\/\/flanca.si\/de\/wp-json\/wp\/v2\/categories?post=14796"},{"taxonomy":"post_tag","embeddable":true,"href":"https:\/\/flanca.si\/de\/wp-json\/wp\/v2\/tags?post=14796"}],"curies":[{"name":"wp","href":"https:\/\/api.w.org\/{rel}","templated":true}]}}