{"id":14793,"date":"2023-02-16T08:53:50","date_gmt":"2023-02-16T07:53:50","guid":{"rendered":"https:\/\/flanca.si\/mini-gemuese\/"},"modified":"2025-01-07T18:14:42","modified_gmt":"2025-01-07T17:14:42","slug":"mini-gemuese","status":"publish","type":"post","link":"https:\/\/flanca.si\/de\/mini-gemuese\/","title":{"rendered":"Mini-Gem\u00fcse"},"content":{"rendered":"\n<blockquote class=\"wp-block-quote is-layout-flow wp-block-quote-is-layout-flow\"><p>F\u00fcr alle, die kleine G\u00e4rten haben oder ohne diese sind, haben die Hersteller eine L\u00f6sung gefunden \u2013 Zwerggem\u00fcse. Dabei handelt es sich um Pflanzen, deren Wachstum auf gut 50cm begrenzt ist. Kompakte Pflanzen nehmen weniger Platz ein und sind in T\u00f6pfen stabiler. Die Fr\u00fcchte sind etwas kleiner, was eine schnellere Reifung bedeutet. In Mini-(Snack-)Form kennen wir Tomaten, Paprika, Gurken und Auberginen. Im <strong><a href=\"https:\/\/flanca.si\/de\/produkt\/mexikanische-gurke\/\" data-type=\"URL\" data-id=\"https:\/\/flanca.si\/izdelek\/mehiska-kumara\/\">Flanca.si<\/a><\/strong> Online-Shop k\u00f6nnen Sie eine gro\u00dfe Auswahl an Produkten sehen und eine Bestellung per Telefon oder Computer aufgeben.       <\/p><\/blockquote>\n\n<h3 class=\"wp-block-heading\"><strong>Arten von Mini-Gem\u00fcse<\/strong><\/h3>\n\n<div class=\"wp-block-group is-layout-flow wp-block-group-is-layout-flow\">\n<div class=\"wp-block-columns is-layout-flex wp-container-core-columns-is-layout-7387b849 wp-block-columns-is-layout-flex\">\n<div class=\"wp-block-column is-layout-flow wp-block-column-is-layout-flow\" style=\"flex-basis:33.33%\">\n<h4 class=\"wp-block-heading\"><a href=\"https:\/\/flanca.si\/de\/produkt\/gurken-imbiss-prado-f1\/\" data-type=\"URL\" data-id=\"https:\/\/flanca.si\/izdelek\/kumare-snack-prado-f1\/\">Gurken-Snack<\/a><\/h4>\n\n\n\n<p class=\"has-background wp-block-paragraph\" style=\"background-color:#e3f2e4\">Es handelt sich um eine Gurkensorte mit kleinen glatten Fr\u00fcchten, die besonders knusprig sind. Die Pflanze selbst geh\u00f6rt nicht zu den kleineren, so dass sie f\u00fcr den Anbau immer noch eine gr\u00f6\u00dfere Fl\u00e4che oder St\u00fctze ben\u00f6tigt, auf die das Wachstum der Gurke gelenkt werden kann. <\/p>\n<\/div>\n\n\n\n<div class=\"wp-block-column is-layout-flow wp-block-column-is-layout-flow\" style=\"flex-basis:66.66%\">\n<div class=\"wp-block-image\"><figure class=\"aligncenter size-full is-resized\"><img fetchpriority=\"high\" decoding=\"async\" src=\"https:\/\/flanca.si\/wp-content\/uploads\/2023\/02\/snack_kumara.jpg\" alt=\"\" class=\"wp-image-7281\" width=\"408\" height=\"306\" srcset=\"https:\/\/flanca.si\/wp-content\/uploads\/2023\/02\/snack_kumara.jpg 530w, https:\/\/flanca.si\/wp-content\/uploads\/2023\/02\/snack_kumara-300x225.jpg 300w\" sizes=\"(max-width: 408px) 100vw, 408px\" \/><\/figure><\/div>\n<\/div>\n<\/div>\n<\/div>\n\n<div class=\"wp-block-columns is-layout-flex wp-container-core-columns-is-layout-7387b849 wp-block-columns-is-layout-flex\">\n<div class=\"wp-block-column is-layout-flow wp-block-column-is-layout-flow\">\n<h4 class=\"wp-block-heading\">Topf-Melankaner<\/h4>\n\n\n\n<p class=\"has-background wp-block-paragraph\" style=\"background-color:#f6dff9\">S\u00e4mlinge von Mini-Auberginen haben einen kompakten Wuchs. Sie werden bis zu 60 cm hoch und tragen problemlos das Gewicht von Fr\u00fcchten, die etwas kleiner sind als die klassischen. Wir kennen <strong><a href=\"https:\/\/flanca.si\/de\/produkt\/melancan-weiss-niedrig\/\" data-type=\"URL\" data-id=\"https:\/\/flanca.si\/izdelek\/melancan-bel-nizek\/\">die<\/a><\/strong> wei\u00dfen und <strong><a href=\"https:\/\/flanca.si\/de\/produkt\/melancan-lila-niedrig\/\" data-type=\"URL\" data-id=\"https:\/\/flanca.si\/izdelek\/melancan-vijolicen-nizek\/\">fliederfarbenen <\/a><\/strong>Varianten.    <\/p>\n<\/div>\n\n\n\n<div class=\"wp-block-column is-layout-flow wp-block-column-is-layout-flow\">\n<div class=\"wp-block-image\"><figure class=\"aligncenter size-full is-resized\"><img decoding=\"async\" src=\"https:\/\/flanca.si\/wp-content\/uploads\/2023\/02\/mini_jajcevec.jpg\" alt=\"\" class=\"wp-image-7282\" width=\"-221\" height=\"-206\" srcset=\"https:\/\/flanca.si\/wp-content\/uploads\/2023\/02\/mini_jajcevec.jpg 492w, https:\/\/flanca.si\/wp-content\/uploads\/2023\/02\/mini_jajcevec-300x280.jpg 300w\" sizes=\"(max-width: 492px) 100vw, 492px\" \/><\/figure><\/div>\n<\/div>\n<\/div>\n\n<div class=\"wp-block-columns is-layout-flex wp-container-core-columns-is-layout-7387b849 wp-block-columns-is-layout-flex\">\n<div class=\"wp-block-column is-layout-flow wp-block-column-is-layout-flow\">\n<h4 class=\"wp-block-heading\">Snack Pfeffer<\/h4>\n\n\n\n<p class=\"has-background wp-block-paragraph\" style=\"background-color:#fff4cb\">Die Pflanzen werden bis zu 40 cm hoch. Die Fr\u00fcchte sind spitz und 5-7cm gro\u00df. Leckere Fr\u00fcchte k\u00f6nnen als Snack, in einem Salat oder gebraten genossen werden. Wir kennen Ausf\u00fchrungen in <strong><a href=\"https:\/\/flanca.si\/de\/produkt\/paprika-snack-rot\/\" data-type=\"URL\" data-id=\"https:\/\/flanca.si\/izdelek\/paprika-snack-rdeca\/\">Rot,<\/a><\/strong> <strong><a href=\"https:\/\/flanca.si\/de\/produkt\/pfeffer-snack-gelb\/\" data-type=\"URL\" data-id=\"https:\/\/flanca.si\/izdelek\/paprika-snack-rumena\/\">Gelb <\/a><\/strong>und <strong><a href=\"https:\/\/flanca.si\/de\/produkt\/pfeffer-snack-orange\/\" data-type=\"URL\" data-id=\"https:\/\/flanca.si\/izdelek\/paprika-snack\/\">Orange<\/a><\/strong> . Wie klassische Pflanzen werden auch Balkonpaprika in T\u00f6pfen (im Freien) gepflanzt, wenn sich die Temperatur \u00fcber 15\u00b0C stabilisiert.      <\/p>\n<\/div>\n\n\n\n<div class=\"wp-block-column is-layout-flow wp-block-column-is-layout-flow\">\n<div class=\"wp-block-image\"><figure class=\"aligncenter size-full is-resized\"><img decoding=\"async\" src=\"https:\/\/flanca.si\/wp-content\/uploads\/2023\/02\/snack-paprika.webp\" alt=\"\" class=\"wp-image-7283\" width=\"326\" height=\"326\" srcset=\"https:\/\/flanca.si\/wp-content\/uploads\/2023\/02\/snack-paprika.webp 945w, https:\/\/flanca.si\/wp-content\/uploads\/2023\/02\/snack-paprika-300x300.webp 300w, https:\/\/flanca.si\/wp-content\/uploads\/2023\/02\/snack-paprika-150x150.webp 150w, https:\/\/flanca.si\/wp-content\/uploads\/2023\/02\/snack-paprika-768x768.webp 768w, https:\/\/flanca.si\/wp-content\/uploads\/2023\/02\/snack-paprika-600x600.webp 600w, https:\/\/flanca.si\/wp-content\/uploads\/2023\/02\/snack-paprika-100x100.webp 100w\" sizes=\"(max-width: 326px) 100vw, 326px\" \/><\/figure><\/div>\n<\/div>\n<\/div>\n\n<div class=\"wp-block-columns is-layout-flex wp-container-core-columns-is-layout-7387b849 wp-block-columns-is-layout-flex\">\n<div class=\"wp-block-column is-layout-flow wp-block-column-is-layout-flow\">\n<h4 class=\"wp-block-heading\">Tomaten im Topf<\/h4>\n\n\n\n<p class=\"has-background wp-block-paragraph\" style=\"background-color:#ffcfd7\">Unter allen Topfgem\u00fcsen sind Tomaten am beliebtesten. Die Pflanzen sind kompakt und tragen im Sommer reichlich Fr\u00fcchte. Immer mehr Menschen entscheiden sich f\u00fcr Tomatensetzlinge anstelle von Balkonblumen, die mit ihrer leuchtend <strong><a href=\"https:\/\/flanca.si\/de\/produkt\/tomate-low-red-cherry\/\" data-type=\"URL\" data-id=\"https:\/\/flanca.si\/izdelek\/paradiznik-nizek-rdec-cesnjevec\/\">roten<\/a><\/strong> oder <strong><a href=\"https:\/\/flanca.si\/de\/produkt\/tomate-low-yellow-cherry\/\" data-type=\"URL\" data-id=\"https:\/\/flanca.si\/izdelek\/paradiznik-nizek-rumen-cesnjevec\/\">gelben<\/a><\/strong> Farbe im Sommer dazu beitragen, dass der Balkon oder die Terrasse sch\u00f6ner aussieht. Wir kennen auch <strong><a href=\"https:\/\/flanca.si\/de\/produkt\/haengende-kirschtomaten\/\" data-type=\"URL\" data-id=\"https:\/\/flanca.si\/izdelek\/paradiznik-visec-cesnjevec\/\">h\u00e4ngende<\/a><\/strong> Versionen von Tomaten in Rot und Gelb, die sich f\u00fcr das Pflanzen in Kleiderb\u00fcgeln eignen.     <\/p>\n<\/div>\n\n\n\n<div class=\"wp-block-column is-layout-flow wp-block-column-is-layout-flow\">\n<div class=\"wp-block-group is-layout-flow wp-block-group-is-layout-flow\">\n<div class=\"wp-block-image\"><figure class=\"aligncenter size-full is-resized\"><img decoding=\"async\" src=\"https:\/\/flanca.si\/wp-content\/uploads\/2023\/02\/mini_paradiznik.webp\" alt=\"\" class=\"wp-image-7285\" width=\"280\" height=\"280\" srcset=\"https:\/\/flanca.si\/wp-content\/uploads\/2023\/02\/mini_paradiznik.webp 600w, https:\/\/flanca.si\/wp-content\/uploads\/2023\/02\/mini_paradiznik-300x300.webp 300w, https:\/\/flanca.si\/wp-content\/uploads\/2023\/02\/mini_paradiznik-150x150.webp 150w, https:\/\/flanca.si\/wp-content\/uploads\/2023\/02\/mini_paradiznik-100x100.webp 100w\" sizes=\"(max-width: 280px) 100vw, 280px\" \/><\/figure><\/div>\n<\/div>\n<\/div>\n<\/div>\n\n<div class=\"wp-block-columns is-layout-flex wp-container-core-columns-is-layout-7387b849 wp-block-columns-is-layout-flex\">\n<div class=\"wp-block-column is-layout-flow wp-block-column-is-layout-flow\">\n<h4 class=\"wp-block-heading\"><a href=\"https:\/\/flanca.si\/de\/produkt\/mexikanische-gurke\/\" data-type=\"URL\" data-id=\"https:\/\/flanca.si\/izdelek\/mehiska-kumara\/\">Mexikanische Gurke<\/a><\/h4>\n\n\n\n<p class=\"has-background wp-block-paragraph\" style=\"background-color:#c6fcda\">Sie geh\u00f6rt zu den exotischeren Pflanzen. Wie die bereits aufgef\u00fchrte Knabbergurke ist auch diese Art kein Zwerg. Allerdings sind die Fr\u00fcchte kleiner und eignen sich f\u00fcr den Frischverzehr, sodass sie zu den Balkongem\u00fcsen gez\u00e4hlt werden. Aufgrund des charakteristischen Wachstums von Gurken ben\u00f6tigt die Pflanze eine hohe Unterst\u00fctzung. Die Fr\u00fcchte sind klein und \u00e4hneln im Aussehen Mini-Wassermelonen, schmecken aber wie Gurken. Wir verwenden die Fr\u00fcchte auf die gleiche Weise wie die Fr\u00fcchte der klassischen Gurke.       <\/p>\n<\/div>\n\n\n\n<div class=\"wp-block-column is-layout-flow wp-block-column-is-layout-flow\">\n<div class=\"wp-block-image\"><figure class=\"aligncenter size-large is-resized\"><img loading=\"lazy\" decoding=\"async\" src=\"https:\/\/flanca.si\/wp-content\/uploads\/2023\/02\/kumara_mehiska-1-1024x735.jpg\" alt=\"\" class=\"wp-image-7290\" width=\"477\" height=\"342\" srcset=\"https:\/\/flanca.si\/wp-content\/uploads\/2023\/02\/kumara_mehiska-1-1024x735.jpg 1024w, https:\/\/flanca.si\/wp-content\/uploads\/2023\/02\/kumara_mehiska-1-300x215.jpg 300w, https:\/\/flanca.si\/wp-content\/uploads\/2023\/02\/kumara_mehiska-1-768x552.jpg 768w, https:\/\/flanca.si\/wp-content\/uploads\/2023\/02\/kumara_mehiska-1-1536x1103.jpg 1536w, https:\/\/flanca.si\/wp-content\/uploads\/2023\/02\/kumara_mehiska-1-2048x1471.jpg 2048w, https:\/\/flanca.si\/wp-content\/uploads\/2023\/02\/kumara_mehiska-1-600x431.jpg 600w, https:\/\/flanca.si\/wp-content\/uploads\/2023\/02\/kumara_mehiska-1.jpg 1920w\" sizes=\"(max-width: 477px) 100vw, 477px\" \/><\/figure><\/div>\n<\/div>\n<\/div>\n\n<div class=\"wp-block-buttons is-layout-flex wp-block-buttons-is-layout-flex\">\n<div class=\"wp-block-button\"><a class=\"wp-block-button__link\" href=\"https:\/\/flanca.si\/de\/\">Besuchen Sie den Online-Shop<\/a><\/div>\n<\/div>\n\n<p class=\"wp-block-paragraph\"><\/p>\n","protected":false},"excerpt":{"rendered":"<p>F\u00fcr alle, die kleine G\u00e4rten haben oder ohne diese sind, haben die Hersteller eine L\u00f6sung gefunden \u2013 Zwerggem\u00fcse. Dabei handelt es sich um Pflanzen, deren Wachstum auf gut 50cm begrenzt ist. Kompakte Pflanzen nehmen weniger Platz ein und sind in T\u00f6pfen stabiler. Die Fr\u00fcchte sind etwas kleiner, was eine schnellere [&hellip;]<\/p>\n","protected":false},"author":3,"featured_media":13521,"comment_status":"closed","ping_status":"open","sticky":false,"template":"","format":"standard","meta":{"site-sidebar-layout":"default","site-content-layout":"","ast-site-content-layout":"default","site-content-style":"default","site-sidebar-style":"default","ast-global-header-display":"","ast-banner-title-visibility":"","ast-main-header-display":"","ast-hfb-above-header-display":"","ast-hfb-below-header-display":"","ast-hfb-mobile-header-display":"","site-post-title":"","ast-breadcrumbs-content":"","ast-featured-img":"","footer-sml-layout":"","ast-disable-related-posts":"","theme-transparent-header-meta":"","adv-header-id-meta":"","stick-header-meta":"","header-above-stick-meta":"","header-main-stick-meta":"","header-below-stick-meta":"","astra-migrate-meta-layouts":"default","ast-page-background-enabled":"default","ast-page-background-meta":{"desktop":{"background-color":"","background-image":"","background-repeat":"repeat","background-position":"center center","background-size":"auto","background-attachment":"scroll","background-type":"","background-media":"","overlay-type":"","overlay-color":"","overlay-opacity":"","overlay-gradient":""},"tablet":{"background-color":"","background-image":"","background-repeat":"repeat","background-position":"center center","background-size":"auto","background-attachment":"scroll","background-type":"","background-media":"","overlay-type":"","overlay-color":"","overlay-opacity":"","overlay-gradient":""},"mobile":{"background-color":"","background-image":"","background-repeat":"repeat","background-position":"center center","background-size":"auto","background-attachment":"scroll","background-type":"","background-media":"","overlay-type":"","overlay-color":"","overlay-opacity":"","overlay-gradient":""}},"ast-content-background-meta":{"desktop":{"background-color":"var(--ast-global-color-5)","background-image":"","background-repeat":"repeat","background-position":"center center","background-size":"auto","background-attachment":"scroll","background-type":"","background-media":"","overlay-type":"","overlay-color":"","overlay-opacity":"","overlay-gradient":""},"tablet":{"background-color":"var(--ast-global-color-5)","background-image":"","background-repeat":"repeat","background-position":"center center","background-size":"auto","background-attachment":"scroll","background-type":"","background-media":"","overlay-type":"","overlay-color":"","overlay-opacity":"","overlay-gradient":""},"mobile":{"background-color":"var(--ast-global-color-5)","background-image":"","background-repeat":"repeat","background-position":"center center","background-size":"auto","background-attachment":"scroll","background-type":"","background-media":"","overlay-type":"","overlay-color":"","overlay-opacity":"","overlay-gradient":""}},"footnotes":""},"categories":[897],"tags":[],"class_list":["post-14793","post","type-post","status-publish","format-standard","has-post-thumbnail","hentry","category-garten"],"aioseo_notices":[],"aioseo_head":"\n\t\t<!-- All in One SEO 5.0.1.1 - aioseo.com -->\n\t<meta name=\"description\" content=\"F\u00fcr alle, die kleine G\u00e4rten haben oder ohne diese sind, haben die Hersteller eine L\u00f6sung gefunden \u2013 Zwerggem\u00fcse. Dabei handelt es sich um Pflanzen, deren Wachstum auf gut 50cm begrenzt ist. Kompakte Pflanzen nehmen weniger Platz ein und sind in T\u00f6pfen stabiler. Die Fr\u00fcchte sind etwas kleiner, was eine schnellere Reifung bedeutet. In Mini-(Snack-)Form kennen\" \/>\n\t<meta name=\"robots\" content=\"max-image-preview:large\" \/>\n\t<meta name=\"author\" content=\"Jana Globo\u010dnik\"\/>\n\t<meta name=\"google-site-verification\" content=\"1sO6GOIbhijVyOhvBZZbOsEVADo4T9w2a7D2KDR6zVI\" \/>\n\t<link rel=\"canonical\" href=\"https:\/\/flanca.si\/de\/mini-gemuese\/\" \/>\n\t<meta name=\"generator\" content=\"All in One SEO (AIOSEO) 5.0.1.1\" \/>\n\t\t<meta property=\"og:locale\" content=\"de_DE\" \/>\n\t\t<meta property=\"og:site_name\" content=\"vrtne sadike FLANCA \u2013 Prodaja vrtnih sadik in ostale opreme\" \/>\n\t\t<meta property=\"og:type\" content=\"article\" \/>\n\t\t<meta property=\"og:title\" content=\"Mini-Gem\u00fcse \u2013 vrtne sadike FLANCA\" \/>\n\t\t<meta property=\"og:description\" content=\"F\u00fcr alle, die kleine G\u00e4rten haben oder ohne diese sind, haben die Hersteller eine L\u00f6sung gefunden \u2013 Zwerggem\u00fcse. Dabei handelt es sich um Pflanzen, deren Wachstum auf gut 50cm begrenzt ist. Kompakte Pflanzen nehmen weniger Platz ein und sind in T\u00f6pfen stabiler. Die Fr\u00fcchte sind etwas kleiner, was eine schnellere Reifung bedeutet. In Mini-(Snack-)Form kennen\" \/>\n\t\t<meta property=\"og:url\" content=\"https:\/\/flanca.si\/de\/mini-gemuese\/\" \/>\n\t\t<meta property=\"og:image\" content=\"https:\/\/flanca.si\/wp-content\/uploads\/2019\/11\/spletna-trgovina-s-sadikami-flanca.png\" \/>\n\t\t<meta property=\"og:image:secure_url\" content=\"https:\/\/flanca.si\/wp-content\/uploads\/2019\/11\/spletna-trgovina-s-sadikami-flanca.png\" \/>\n\t\t<meta property=\"article:published_time\" content=\"2023-02-16T07:53:50+00:00\" \/>\n\t\t<meta property=\"article:modified_time\" content=\"2025-01-07T17:14:42+00:00\" \/>\n\t\t<meta name=\"twitter:card\" content=\"summary_large_image\" \/>\n\t\t<meta name=\"twitter:title\" content=\"Mini-Gem\u00fcse \u2013 vrtne sadike FLANCA\" \/>\n\t\t<meta name=\"twitter:description\" content=\"F\u00fcr alle, die kleine G\u00e4rten haben oder ohne diese sind, haben die Hersteller eine L\u00f6sung gefunden \u2013 Zwerggem\u00fcse. Dabei handelt es sich um Pflanzen, deren Wachstum auf gut 50cm begrenzt ist. Kompakte Pflanzen nehmen weniger Platz ein und sind in T\u00f6pfen stabiler. Die Fr\u00fcchte sind etwas kleiner, was eine schnellere Reifung bedeutet. In Mini-(Snack-)Form kennen\" \/>\n\t\t<meta name=\"twitter:image\" content=\"https:\/\/flanca.si\/wp-content\/uploads\/2019\/11\/spletna-trgovina-s-sadikami-flanca.png\" \/>\n\t\t<script type=\"application\/ld+json\" class=\"aioseo-schema\">\n\t\t\t{\"@context\":\"https:\\\/\\\/schema.org\",\"@graph\":[{\"@type\":\"BlogPosting\",\"@id\":\"https:\\\/\\\/flanca.si\\\/de\\\/mini-gemuese\\\/#blogposting\",\"name\":\"Mini-Gem\\u00fcse \\u2013 vrtne sadike FLANCA\",\"headline\":\"Mini-Gem\\u00fcse\",\"author\":{\"@id\":\"https:\\\/\\\/flanca.si\\\/de\\\/author\\\/jana\\\/#author\"},\"publisher\":{\"@id\":\"https:\\\/\\\/flanca.si\\\/de\\\/#organization\"},\"image\":{\"@type\":\"ImageObject\",\"url\":\"https:\\\/\\\/flanca.si\\\/wp-content\\\/uploads\\\/2023\\\/02\\\/mini_zelenjava2.jpg\",\"width\":612,\"height\":188,\"caption\":\"A variety of baby vegetables.\"},\"datePublished\":\"2023-02-16T08:53:50+01:00\",\"dateModified\":\"2025-01-07T18:14:42+01:00\",\"inLanguage\":\"de-DE\",\"mainEntityOfPage\":{\"@id\":\"https:\\\/\\\/flanca.si\\\/de\\\/mini-gemuese\\\/#webpage\"},\"isPartOf\":{\"@id\":\"https:\\\/\\\/flanca.si\\\/de\\\/mini-gemuese\\\/#webpage\"},\"articleSection\":\"Garten\"},{\"@type\":\"BreadcrumbList\",\"@id\":\"https:\\\/\\\/flanca.si\\\/de\\\/mini-gemuese\\\/#breadcrumblist\",\"itemListElement\":[{\"@type\":\"ListItem\",\"@id\":\"https:\\\/\\\/flanca.si\\\/de\\\/#listItem\",\"position\":1,\"name\":\"Domov\",\"item\":\"https:\\\/\\\/flanca.si\\\/de\\\/\",\"nextItem\":{\"@type\":\"ListItem\",\"@id\":\"https:\\\/\\\/flanca.si\\\/de\\\/category\\\/garten\\\/#listItem\",\"name\":\"Garten\"}},{\"@type\":\"ListItem\",\"@id\":\"https:\\\/\\\/flanca.si\\\/de\\\/category\\\/garten\\\/#listItem\",\"position\":2,\"name\":\"Garten\",\"item\":\"https:\\\/\\\/flanca.si\\\/de\\\/category\\\/garten\\\/\",\"nextItem\":{\"@type\":\"ListItem\",\"@id\":\"https:\\\/\\\/flanca.si\\\/de\\\/mini-gemuese\\\/#listItem\",\"name\":\"Mini-Gem\\u00fcse\"},\"previousItem\":{\"@type\":\"ListItem\",\"@id\":\"https:\\\/\\\/flanca.si\\\/de\\\/#listItem\",\"name\":\"Domov\"}},{\"@type\":\"ListItem\",\"@id\":\"https:\\\/\\\/flanca.si\\\/de\\\/mini-gemuese\\\/#listItem\",\"position\":3,\"name\":\"Mini-Gem\\u00fcse\",\"previousItem\":{\"@type\":\"ListItem\",\"@id\":\"https:\\\/\\\/flanca.si\\\/de\\\/category\\\/garten\\\/#listItem\",\"name\":\"Garten\"}}]},{\"@type\":\"Organization\",\"@id\":\"https:\\\/\\\/flanca.si\\\/de\\\/#organization\",\"name\":\"vrtne sadike FLANCA\",\"description\":\"Prodaja vrtnih sadik in ostale opreme\",\"url\":\"https:\\\/\\\/flanca.si\\\/de\\\/\",\"logo\":{\"@type\":\"ImageObject\",\"url\":\"https:\\\/\\\/flanca.si\\\/wp-content\\\/uploads\\\/2019\\\/11\\\/spletna-trgovina-s-sadikami-flanca.png\",\"@id\":\"https:\\\/\\\/flanca.si\\\/de\\\/mini-gemuese\\\/#organizationLogo\",\"width\":151,\"height\":50,\"caption\":\"spletna trgovina s sadikami FLANCA\"},\"image\":{\"@id\":\"https:\\\/\\\/flanca.si\\\/de\\\/mini-gemuese\\\/#organizationLogo\"}},{\"@type\":\"Person\",\"@id\":\"https:\\\/\\\/flanca.si\\\/de\\\/author\\\/jana\\\/#author\",\"url\":\"https:\\\/\\\/flanca.si\\\/de\\\/author\\\/jana\\\/\",\"name\":\"Jana Globo\\u010dnik\",\"image\":{\"@type\":\"ImageObject\",\"@id\":\"https:\\\/\\\/flanca.si\\\/de\\\/mini-gemuese\\\/#authorImage\",\"url\":\"https:\\\/\\\/flanca.si\\\/wp-content\\\/litespeed\\\/avatar\\\/82d8a3f6e7b669e4fbb18755fd8d5c5c.jpg?ver=1787944099\",\"width\":96,\"height\":96,\"caption\":\"Jana Globo\\u010dnik\"}},{\"@type\":\"WebPage\",\"@id\":\"https:\\\/\\\/flanca.si\\\/de\\\/mini-gemuese\\\/#webpage\",\"url\":\"https:\\\/\\\/flanca.si\\\/de\\\/mini-gemuese\\\/\",\"name\":\"Mini-Gem\\u00fcse \\u2013 vrtne sadike FLANCA\",\"description\":\"F\\u00fcr alle, die kleine G\\u00e4rten haben oder ohne diese sind, haben die Hersteller eine L\\u00f6sung gefunden \\u2013 Zwerggem\\u00fcse. Dabei handelt es sich um Pflanzen, deren Wachstum auf gut 50cm begrenzt ist. Kompakte Pflanzen nehmen weniger Platz ein und sind in T\\u00f6pfen stabiler. Die Fr\\u00fcchte sind etwas kleiner, was eine schnellere Reifung bedeutet. In Mini-(Snack-)Form kennen\",\"inLanguage\":\"de-DE\",\"isPartOf\":{\"@id\":\"https:\\\/\\\/flanca.si\\\/de\\\/#website\"},\"breadcrumb\":{\"@id\":\"https:\\\/\\\/flanca.si\\\/de\\\/mini-gemuese\\\/#breadcrumblist\"},\"author\":{\"@id\":\"https:\\\/\\\/flanca.si\\\/de\\\/author\\\/jana\\\/#author\"},\"creator\":{\"@id\":\"https:\\\/\\\/flanca.si\\\/de\\\/author\\\/jana\\\/#author\"},\"image\":{\"@type\":\"ImageObject\",\"url\":\"https:\\\/\\\/flanca.si\\\/wp-content\\\/uploads\\\/2023\\\/02\\\/mini_zelenjava2.jpg\",\"@id\":\"https:\\\/\\\/flanca.si\\\/de\\\/mini-gemuese\\\/#mainImage\",\"width\":612,\"height\":188,\"caption\":\"A variety of baby vegetables.\"},\"primaryImageOfPage\":{\"@id\":\"https:\\\/\\\/flanca.si\\\/de\\\/mini-gemuese\\\/#mainImage\"},\"datePublished\":\"2023-02-16T08:53:50+01:00\",\"dateModified\":\"2025-01-07T18:14:42+01:00\"},{\"@type\":\"WebSite\",\"@id\":\"https:\\\/\\\/flanca.si\\\/de\\\/#website\",\"url\":\"https:\\\/\\\/flanca.si\\\/de\\\/\",\"name\":\"vrtne sadike FLANCA\",\"description\":\"Prodaja vrtnih sadik in ostale opreme\",\"inLanguage\":\"de-DE\",\"publisher\":{\"@id\":\"https:\\\/\\\/flanca.si\\\/de\\\/#organization\"}}]}\n\t\t<\/script>\n\t\t<!-- All in One SEO -->\n\n","aioseo_head_json":{"title":"Mini-Gem\u00fcse \u2013 vrtne sadike FLANCA","description":"F\u00fcr alle, die kleine G\u00e4rten haben oder ohne diese sind, haben die Hersteller eine L\u00f6sung gefunden \u2013 Zwerggem\u00fcse. Dabei handelt es sich um Pflanzen, deren Wachstum auf gut 50cm begrenzt ist. Kompakte Pflanzen nehmen weniger Platz ein und sind in T\u00f6pfen stabiler. Die Fr\u00fcchte sind etwas kleiner, was eine schnellere Reifung bedeutet. In Mini-(Snack-)Form kennen","canonical_url":"https:\/\/flanca.si\/de\/mini-gemuese\/","robots":"max-image-preview:large","keywords":"","webmasterTools":{"google-site-verification":"1sO6GOIbhijVyOhvBZZbOsEVADo4T9w2a7D2KDR6zVI","miscellaneous":""},"schema":{"@context":"https:\/\/schema.org","@graph":[{"@type":"BlogPosting","@id":"https:\/\/flanca.si\/de\/mini-gemuese\/#blogposting","name":"Mini-Gem\u00fcse \u2013 vrtne sadike FLANCA","headline":"Mini-Gem\u00fcse","author":{"@id":"https:\/\/flanca.si\/de\/author\/jana\/#author"},"publisher":{"@id":"https:\/\/flanca.si\/de\/#organization"},"image":{"@type":"ImageObject","url":"https:\/\/flanca.si\/wp-content\/uploads\/2023\/02\/mini_zelenjava2.jpg","width":612,"height":188,"caption":"A variety of baby vegetables."},"datePublished":"2023-02-16T08:53:50+01:00","dateModified":"2025-01-07T18:14:42+01:00","inLanguage":"de-DE","mainEntityOfPage":{"@id":"https:\/\/flanca.si\/de\/mini-gemuese\/#webpage"},"isPartOf":{"@id":"https:\/\/flanca.si\/de\/mini-gemuese\/#webpage"},"articleSection":"Garten"},{"@type":"BreadcrumbList","@id":"https:\/\/flanca.si\/de\/mini-gemuese\/#breadcrumblist","itemListElement":[{"@type":"ListItem","@id":"https:\/\/flanca.si\/de\/#listItem","position":1,"name":"Domov","item":"https:\/\/flanca.si\/de\/","nextItem":{"@type":"ListItem","@id":"https:\/\/flanca.si\/de\/category\/garten\/#listItem","name":"Garten"}},{"@type":"ListItem","@id":"https:\/\/flanca.si\/de\/category\/garten\/#listItem","position":2,"name":"Garten","item":"https:\/\/flanca.si\/de\/category\/garten\/","nextItem":{"@type":"ListItem","@id":"https:\/\/flanca.si\/de\/mini-gemuese\/#listItem","name":"Mini-Gem\u00fcse"},"previousItem":{"@type":"ListItem","@id":"https:\/\/flanca.si\/de\/#listItem","name":"Domov"}},{"@type":"ListItem","@id":"https:\/\/flanca.si\/de\/mini-gemuese\/#listItem","position":3,"name":"Mini-Gem\u00fcse","previousItem":{"@type":"ListItem","@id":"https:\/\/flanca.si\/de\/category\/garten\/#listItem","name":"Garten"}}]},{"@type":"Organization","@id":"https:\/\/flanca.si\/de\/#organization","name":"vrtne sadike FLANCA","description":"Prodaja vrtnih sadik in ostale opreme","url":"https:\/\/flanca.si\/de\/","logo":{"@type":"ImageObject","url":"https:\/\/flanca.si\/wp-content\/uploads\/2019\/11\/spletna-trgovina-s-sadikami-flanca.png","@id":"https:\/\/flanca.si\/de\/mini-gemuese\/#organizationLogo","width":151,"height":50,"caption":"spletna trgovina s sadikami FLANCA"},"image":{"@id":"https:\/\/flanca.si\/de\/mini-gemuese\/#organizationLogo"}},{"@type":"Person","@id":"https:\/\/flanca.si\/de\/author\/jana\/#author","url":"https:\/\/flanca.si\/de\/author\/jana\/","name":"Jana Globo\u010dnik","image":{"@type":"ImageObject","@id":"https:\/\/flanca.si\/de\/mini-gemuese\/#authorImage","url":"https:\/\/flanca.si\/wp-content\/litespeed\/avatar\/82d8a3f6e7b669e4fbb18755fd8d5c5c.jpg?ver=1787944099","width":96,"height":96,"caption":"Jana Globo\u010dnik"}},{"@type":"WebPage","@id":"https:\/\/flanca.si\/de\/mini-gemuese\/#webpage","url":"https:\/\/flanca.si\/de\/mini-gemuese\/","name":"Mini-Gem\u00fcse \u2013 vrtne sadike FLANCA","description":"F\u00fcr alle, die kleine G\u00e4rten haben oder ohne diese sind, haben die Hersteller eine L\u00f6sung gefunden \u2013 Zwerggem\u00fcse. Dabei handelt es sich um Pflanzen, deren Wachstum auf gut 50cm begrenzt ist. Kompakte Pflanzen nehmen weniger Platz ein und sind in T\u00f6pfen stabiler. Die Fr\u00fcchte sind etwas kleiner, was eine schnellere Reifung bedeutet. In Mini-(Snack-)Form kennen","inLanguage":"de-DE","isPartOf":{"@id":"https:\/\/flanca.si\/de\/#website"},"breadcrumb":{"@id":"https:\/\/flanca.si\/de\/mini-gemuese\/#breadcrumblist"},"author":{"@id":"https:\/\/flanca.si\/de\/author\/jana\/#author"},"creator":{"@id":"https:\/\/flanca.si\/de\/author\/jana\/#author"},"image":{"@type":"ImageObject","url":"https:\/\/flanca.si\/wp-content\/uploads\/2023\/02\/mini_zelenjava2.jpg","@id":"https:\/\/flanca.si\/de\/mini-gemuese\/#mainImage","width":612,"height":188,"caption":"A variety of baby vegetables."},"primaryImageOfPage":{"@id":"https:\/\/flanca.si\/de\/mini-gemuese\/#mainImage"},"datePublished":"2023-02-16T08:53:50+01:00","dateModified":"2025-01-07T18:14:42+01:00"},{"@type":"WebSite","@id":"https:\/\/flanca.si\/de\/#website","url":"https:\/\/flanca.si\/de\/","name":"vrtne sadike FLANCA","description":"Prodaja vrtnih sadik in ostale opreme","inLanguage":"de-DE","publisher":{"@id":"https:\/\/flanca.si\/de\/#organization"}}]},"og:locale":"de_DE","og:site_name":"vrtne sadike FLANCA \u2013 Prodaja vrtnih sadik in ostale opreme","og:type":"article","og:title":"Mini-Gem\u00fcse \u2013 vrtne sadike FLANCA","og:description":"F\u00fcr alle, die kleine G\u00e4rten haben oder ohne diese sind, haben die Hersteller eine L\u00f6sung gefunden \u2013 Zwerggem\u00fcse. Dabei handelt es sich um Pflanzen, deren Wachstum auf gut 50cm begrenzt ist. Kompakte Pflanzen nehmen weniger Platz ein und sind in T\u00f6pfen stabiler. Die Fr\u00fcchte sind etwas kleiner, was eine schnellere Reifung bedeutet. In Mini-(Snack-)Form kennen","og:url":"https:\/\/flanca.si\/de\/mini-gemuese\/","og:image":"https:\/\/flanca.si\/wp-content\/uploads\/2019\/11\/spletna-trgovina-s-sadikami-flanca.png","og:image:secure_url":"https:\/\/flanca.si\/wp-content\/uploads\/2019\/11\/spletna-trgovina-s-sadikami-flanca.png","article:published_time":"2023-02-16T07:53:50+00:00","article:modified_time":"2025-01-07T17:14:42+00:00","twitter:card":"summary_large_image","twitter:title":"Mini-Gem\u00fcse \u2013 vrtne sadike FLANCA","twitter:description":"F\u00fcr alle, die kleine G\u00e4rten haben oder ohne diese sind, haben die Hersteller eine L\u00f6sung gefunden \u2013 Zwerggem\u00fcse. Dabei handelt es sich um Pflanzen, deren Wachstum auf gut 50cm begrenzt ist. Kompakte Pflanzen nehmen weniger Platz ein und sind in T\u00f6pfen stabiler. Die Fr\u00fcchte sind etwas kleiner, was eine schnellere Reifung bedeutet. In Mini-(Snack-)Form kennen","twitter:image":"https:\/\/flanca.si\/wp-content\/uploads\/2019\/11\/spletna-trgovina-s-sadikami-flanca.png"},"aioseo_meta_data":{"post_id":"14793","title":null,"description":null,"keywords":null,"keyphrases":null,"primary_term":null,"canonical_url":null,"og_title":null,"og_description":null,"og_object_type":"default","og_image_type":"default","og_image_url":null,"og_image_width":null,"og_image_height":null,"og_image_custom_url":null,"og_image_custom_fields":null,"og_video":null,"og_custom_url":null,"og_article_section":null,"og_article_tags":null,"twitter_use_og":false,"twitter_card":"default","twitter_image_type":"default","twitter_image_url":null,"twitter_image_custom_url":null,"twitter_image_custom_fields":null,"twitter_title":null,"twitter_description":null,"schema":{"blockGraphs":[],"customGraphs":[],"default":{"data":{"Article":[],"Course":[],"Dataset":[],"FAQPage":[],"Movie":[],"Person":[],"Product":[],"ProductReview":[],"Car":[],"Recipe":[],"Service":[],"SoftwareApplication":[],"WebPage":[]},"graphName":"","isEnabled":true},"graphs":[]},"schema_type":"default","schema_type_options":null,"pillar_content":false,"robots_default":true,"robots_noindex":false,"robots_noarchive":false,"robots_nosnippet":false,"robots_nofollow":false,"robots_noimageindex":false,"robots_noodp":false,"robots_notranslate":false,"robots_max_snippet":null,"robots_max_videopreview":null,"robots_max_imagepreview":"large","priority":null,"frequency":null,"local_seo":null,"breadcrumb_settings":null,"limit_modified_date":false,"ai":null,"created":"2025-01-07 17:14:41","updated":"2025-06-07 04:59:16","seo_analyzer_scan_date":null,"focus_keyword":null,"additional_keywords":null,"truseo_locale":null},"aioseo_breadcrumb":"<div class=\"aioseo-breadcrumbs\"><span class=\"aioseo-breadcrumb\">\n\t\t\t<a href=\"https:\/\/flanca.si\/de\/\" title=\"Domov\">Domov<\/a>\n\t\t<\/span><span class=\"aioseo-breadcrumb-separator\">\u00bb<\/span><span class=\"aioseo-breadcrumb\">\n\t\t\t<a href=\"https:\/\/flanca.si\/de\/category\/garten\/\" title=\"Garten\">Garten<\/a>\n\t\t<\/span><span class=\"aioseo-breadcrumb-separator\">\u00bb<\/span><span class=\"aioseo-breadcrumb\">\n\t\t\tMini-Gem\u00fcse\n\t\t<\/span><\/div>","aioseo_breadcrumb_json":[{"label":"Domov","link":"https:\/\/flanca.si\/de\/"},{"label":"Garten","link":"https:\/\/flanca.si\/de\/category\/garten\/"},{"label":"Mini-Gem\u00fcse","link":"https:\/\/flanca.si\/de\/mini-gemuese\/"}],"_links":{"self":[{"href":"https:\/\/flanca.si\/de\/wp-json\/wp\/v2\/posts\/14793","targetHints":{"allow":["GET"]}}],"collection":[{"href":"https:\/\/flanca.si\/de\/wp-json\/wp\/v2\/posts"}],"about":[{"href":"https:\/\/flanca.si\/de\/wp-json\/wp\/v2\/types\/post"}],"author":[{"embeddable":true,"href":"https:\/\/flanca.si\/de\/wp-json\/wp\/v2\/users\/3"}],"replies":[{"embeddable":true,"href":"https:\/\/flanca.si\/de\/wp-json\/wp\/v2\/comments?post=14793"}],"version-history":[{"count":0,"href":"https:\/\/flanca.si\/de\/wp-json\/wp\/v2\/posts\/14793\/revisions"}],"wp:featuredmedia":[{"embeddable":true,"href":"https:\/\/flanca.si\/de\/wp-json\/wp\/v2\/media\/13521"}],"wp:attachment":[{"href":"https:\/\/flanca.si\/de\/wp-json\/wp\/v2\/media?parent=14793"}],"wp:term":[{"taxonomy":"category","embeddable":true,"href":"https:\/\/flanca.si\/de\/wp-json\/wp\/v2\/categories?post=14793"},{"taxonomy":"post_tag","embeddable":true,"href":"https:\/\/flanca.si\/de\/wp-json\/wp\/v2\/tags?post=14793"}],"curies":[{"name":"wp","href":"https:\/\/api.w.org\/{rel}","templated":true}]}}