{"id":14790,"date":"2022-09-29T06:13:10","date_gmt":"2022-09-29T04:13:10","guid":{"rendered":"https:\/\/flanca.si\/heckenpflanzen\/"},"modified":"2025-01-07T18:14:42","modified_gmt":"2025-01-07T17:14:42","slug":"heckenpflanzen","status":"publish","type":"post","link":"https:\/\/flanca.si\/de\/heckenpflanzen\/","title":{"rendered":"Heckenpflanzen"},"content":{"rendered":"\n<p class=\"wp-block-paragraph\">Heckenpflanzen, oder kurz &#8222;Hecken&#8220;, sind eine beliebte L\u00f6sung zum nat\u00fcrlichen Schutz vor L\u00e4rm, Umweltverschmutzung und zur Gew\u00e4hrleistung der Privatsph\u00e4re in unserem Garten.<\/p>\n\n<p class=\"wp-block-paragraph\">Das Gr\u00fcn in der h\u00e4uslichen Umgebung wirkt beruhigend auf uns.<\/p>\n\n<p class=\"wp-block-paragraph\">Hecken k\u00f6nnen hoch, niedrig, geschoren, freiwachsend, bl\u00fchend, sommergr\u00fcn, immergr\u00fcn usw. sein. Die Hecke sollte ordentlich sein, genau richtig dicht und hoch. Wichtig ist, dass die Pflanzen ausreichend ged\u00fcngt, mit Wasser versorgt und richtig beschnitten werden. Wenn es darum geht, eine gro\u00dfe Anzahl von Setzlingen zu kaufen, ist es vern\u00fcnftig, diejenigen zu w\u00e4hlen, die von uns angebaut werden. Da sie in einer nahegelegenen G\u00e4rtnerei gewachsen sind, sind sie bereits an unsere Anbaubedingungen angepasst.   <\/p>\n\n<h3 class=\"wp-block-heading\">Pflanzen f\u00fcr eine Hecke pflanzen<\/h3>\n\n<p class=\"wp-block-paragraph\">Die Grundregel f\u00fcr die Pflanzzeit lautet, Pflanzen zu pflanzen, wenn sie sich in der Ruhephase befinden. Bei Laubpflanzen ist dies im Herbst, wenn die Bl\u00e4tter abfallen, und im Fr\u00fchjahr, bis die Pflanzen ausgetrieben sind. F\u00fcr Nadelb\u00e4ume gelten etwas andere Regeln. Die am besten geeignete Zeit zum Pflanzen ist der Sp\u00e4tsommer, wenn die scheinbare Ruhephase beginnt und nur die Wurzeln wachsen.   <\/p>\n\n<p class=\"wp-block-paragraph\">Werden Jungpflanzen in T\u00f6pfe gepflanzt, k\u00f6nnen diese jederzeit umgepflanzt werden. In diesem Fall vermeiden wir einfach hei\u00dfe Sommertage, zu nasse B\u00f6den und gefrorene B\u00f6den im Winter.   <\/p>\n\n<p class=\"wp-block-paragraph\">Der Abstand zwischen den Pflanzen f\u00fcr die Hecke betr\u00e4gt 30-50 cm. Der Durchschnitt liegt bei 2,5 Pflanzen pro laufendem Meter. Es h\u00e4ngt vor allem von der Gr\u00f6\u00dfe der Pflanze bei der Pflanzung, der Art, der Sorte und der Vegetation ab.  <\/p>\n\n<p class=\"wp-block-paragraph\">Hecken werden in einen Pflanzgraben gepflanzt, was einfacher ist, als einzelne Pflanzl\u00f6cher zu graben. Die Tiefe des Grabens h\u00e4ngt von der Gr\u00f6\u00dfe der Pflanzen ab. Am Boden des Grabens wird ein Vorratsd\u00fcnger ausges\u00e4t, der haupts\u00e4chlich Phosphor und Kalium sowie Spurenelemente enth\u00e4lt. \u00dcber den D\u00fcnger wird eine Schicht Erde gestreut und darauf eine Schicht Kompost. Die Setzlinge werden in der gleichen Tiefe gepflanzt, in der sie zuvor gepflanzt wurden. Wenn der Graben verf\u00fcllt ist, wird der Boden kontinuierlich zertrampelt, um die Bildung von Lufteinschl\u00fcssen zu verhindern. Nach dem Pflanzen werden die Pflanzen gut bew\u00e4ssert.      <\/p>\n\n<h3 class=\"wp-block-heading\">Arten von Absicherungen<\/h3>\n\n<div class=\"wp-block-columns is-layout-flex wp-container-core-columns-is-layout-7387b849 wp-block-columns-is-layout-flex\">\n<div class=\"wp-block-column is-layout-flow wp-block-column-is-layout-flow\">\n<figure class=\"wp-block-image size-full\"><img fetchpriority=\"high\" decoding=\"async\" width=\"750\" height=\"500\" src=\"https:\/\/flanca.si\/wp-content\/uploads\/2022\/09\/cvetoce_zive_meje.jpg\" alt=\"\" class=\"wp-image-7090\" srcset=\"https:\/\/flanca.si\/wp-content\/uploads\/2022\/09\/cvetoce_zive_meje.jpg 750w, https:\/\/flanca.si\/wp-content\/uploads\/2022\/09\/cvetoce_zive_meje-300x200.jpg 300w, https:\/\/flanca.si\/wp-content\/uploads\/2022\/09\/cvetoce_zive_meje-600x400.jpg 600w\" sizes=\"(max-width: 750px) 100vw, 750px\" \/><\/figure>\n<\/div>\n\n\n\n<div class=\"wp-block-column is-vertically-aligned-center is-layout-flow wp-block-column-is-layout-flow\">\n<p class=\"wp-block-paragraph\">Eine Vielzahl von Pflanzen kann verwendet werden, um <strong>eine bl\u00fchende<\/strong> Hecke zu pflanzen. H\u00f6here Rabatten k\u00f6nnen wir mit Pflanzen wie Hortensien, Forsythien, Hibiskus, Hartriegel, <strong><a href=\"https:\/\/flanca.si\/de\/izdelek\/schmalblaettriger-lorbeer-otto-luyken-hoehe-40-50-cm\/\" data-type=\"URL\" data-id=\"https:\/\/flanca.si\/izdelek\/lovorikovec-ozkolistni-otto-luyken\/\" target=\"_blank\" rel=\"noreferrer noopener\">B\u00e4rentraube<\/a><\/strong>, Brustkraut und spanischem Holunder bilden,&#8230; Oder wir pflanzen Weigellas, F\u00fcnffingerrosen, verschiedene Rosen f\u00fcr niedrigere Abgrenzungen&#8230; <\/p>\n<\/div>\n<\/div>\n\n<div class=\"wp-block-columns is-layout-flex wp-container-core-columns-is-layout-7387b849 wp-block-columns-is-layout-flex\">\n<div class=\"wp-block-column is-vertically-aligned-center is-layout-flow wp-block-column-is-layout-flow\">\n<p class=\"wp-block-paragraph\"><strong>Laubabwerfende Hecken<\/strong> sind attraktiv, weil sie das ganze Jahr \u00fcber eine abwechslungsreiche Farbpalette haben. Im Fr\u00fchling erfreuen sie uns mit Bl\u00fcten oder jungen Bl\u00e4ttern, im Sommer mit dichtem Laub, im Herbst mit gelben und roten Farbt\u00f6nen und im Winter mit farbiger oder gemusterter Rinde. F\u00fcr Laubabwerfen, Buche, Hainbuche, Forsythie, Hibiskus, Stechpalme&#8230;  <\/p>\n<\/div>\n\n\n\n<div class=\"wp-block-column is-layout-flow wp-block-column-is-layout-flow\">\n<figure class=\"wp-block-image size-full\"><img decoding=\"async\" width=\"913\" height=\"568\" src=\"https:\/\/flanca.si\/wp-content\/uploads\/2022\/09\/bukev.jpg\" alt=\"\" class=\"wp-image-7092\" srcset=\"https:\/\/flanca.si\/wp-content\/uploads\/2022\/09\/bukev.jpg 913w, https:\/\/flanca.si\/wp-content\/uploads\/2022\/09\/bukev-300x187.jpg 300w, https:\/\/flanca.si\/wp-content\/uploads\/2022\/09\/bukev-768x478.jpg 768w, https:\/\/flanca.si\/wp-content\/uploads\/2022\/09\/bukev-600x373.jpg 600w\" sizes=\"(max-width: 913px) 100vw, 913px\" \/><figcaption class=\"wp-element-caption\">Buche (Fagus sylvatica) vir:www.instanthedge.com<\/figcaption><\/figure>\n<\/div>\n<\/div>\n\n<p class=\"wp-block-paragraph\"><strong>Immergr\u00fcne<\/strong> Hecken haben sich als die beliebtesten erwiesen, da sie das ganze Jahr \u00fcber Gartenstruktur und Privatsph\u00e4re bieten. Oft n\u00fctzliche Pflanzen f\u00fcr Hecken sind der Amerikanische Wacholder (Thuja occidentalis) und der Pazifis (<em>Chamaecyparis.). <\/em>Leider sind jedoch Amerikanische Wacholder und Pazipressen in letzter Zeit h\u00e4ufig von der Phytophthora-D\u00fcrre befallen worden ( <em>Phytophthora lateralis). Durch sie kann die gesamte Hecke austrocknen.   <\/em>  Es gibt auch einen Sch\u00e4dling namens S\u00fcdlicher Wacholder (<em>Ovalisia festiva<\/em>).<\/p>\n\n<div class=\"wp-block-columns is-layout-flex wp-container-core-columns-is-layout-7387b849 wp-block-columns-is-layout-flex\">\n<div class=\"wp-block-column is-layout-flow wp-block-column-is-layout-flow\">\n<figure class=\"wp-block-image size-large\"><img decoding=\"async\" width=\"1024\" height=\"768\" src=\"https:\/\/flanca.si\/wp-content\/uploads\/2022\/09\/lovorikovec-1-1024x768.jpg\" alt=\"\" class=\"wp-image-7093\" srcset=\"https:\/\/flanca.si\/wp-content\/uploads\/2022\/09\/lovorikovec-1-1024x768.jpg 1024w, https:\/\/flanca.si\/wp-content\/uploads\/2022\/09\/lovorikovec-1-300x225.jpg 300w, https:\/\/flanca.si\/wp-content\/uploads\/2022\/09\/lovorikovec-1-768x576.jpg 768w, https:\/\/flanca.si\/wp-content\/uploads\/2022\/09\/lovorikovec-1-600x450.jpg 600w, https:\/\/flanca.si\/wp-content\/uploads\/2022\/09\/lovorikovec-1.jpg 1250w\" sizes=\"(max-width: 1024px) 100vw, 1024px\" \/><figcaption class=\"wp-element-caption\">Lorbeer (Prunus laurocerasus) Quelle: www.maturehedges.ie<\/figcaption><\/figure>\n<\/div>\n\n\n\n<div class=\"wp-block-column is-vertically-aligned-center is-layout-flow wp-block-column-is-layout-flow\">\n<p class=\"wp-block-paragraph\">Sch\u00f6n ist auch die Eibenhecke (Taxus ssp.). Die Eibe w\u00e4chst eher langsam, aber sie w\u00e4chst gut entlang des Schnitts und kahlt innen nicht.<\/p>\n\n\n\n<p class=\"wp-block-paragraph\">Es wird empfohlen, Heckenpflanzen zu pflanzen, die weniger Krankheiten und Sch\u00e4dlinge haben, sch\u00f6ner wachsen und widerstandsf\u00e4higer gegen Stressbedingungen sind.<\/p>\n\n\n\n<p class=\"wp-block-paragraph\">Pflanzen, die der Trockenheit im Sommer, der starken K\u00e4lte im Winter und dem Salz im Boden standhalten und nur minimale Pflege und Beschneidung ben\u00f6tigen, werden bevorzugt.<\/p>\n<\/div>\n<\/div>\n\n<p class=\"wp-block-paragraph\">Lorbeer (Prunus laurocerasus) ist die beliebteste und dankbarste Pflanze f\u00fcr mittelgro\u00dfe und gro\u00dfe immergr\u00fcne Rabatten. Lorbeerhecken sind pflegeleicht, physisch unpassierbar und gedeihen auch an schattigen Standorten. Der Lorbeer hat dunkelgr\u00fcne, wachsartig wirkende Bl\u00e4tter. Das sch\u00fctzt die Pflanze vor dem Austrocknen in sommerlichen D\u00fcrren und Wintern ohne Schnee und Niederschlag. Einige Lorbeersorten mehr, andere weniger erfreuen im Fr\u00fchling mit duftenden wei\u00dfen Bl\u00fcten und sp\u00e4ter mit beerigen dunklen Fr\u00fcchten, die sonst ungenie\u00dfbar sind. Lorbeer wird \u00fcber drei Meter hoch, aber durch den R\u00fcckschnitt wird er auf eine H\u00f6he geformt, die uns am besten passt.     <\/p>\n\n<p class=\"wp-block-paragraph\">Ein doppelter R\u00fcckschnitt wird empfohlen; Sp\u00e4ter Fr\u00fchling und Sp\u00e4tsommer. Es ist jedoch mindestens einmal im Jahr notwendig, dh im sp\u00e4ten Fr\u00fchjahr (Juni), wenn sich das Wachstum bereits etwas beruhigt hat. <\/p>\n\n<p class=\"wp-block-paragraph\">Lorbeeren unterscheiden sich voneinander in Form von Wuchs, H\u00f6he, Form und Farbe der Bl\u00e4tter sowie in der K\u00e4ltetoleranz. Die bekanntesten Sorten in Slowenien sind <strong><a href=\"https:\/\/flanca.si\/de\/izdelek\/lorbeer-novita-hoehe-50-60-cm\/\" target=\"_blank\" rel=\"noopener\" title=\"\">Novita<\/a><\/strong>, <strong><a data-type=\"URL\" data-id=\"https:\/\/flanca.si\/izdelek\/lovorikovec-etna-2\/\" href=\"https:\/\/flanca.si\/de\/izdelek\/lorbeer-etna-hoehe-20-30-cm\/\" target=\"_blank\" rel=\"noreferrer noopener\">Etna<\/a><\/strong>, <strong><a data-type=\"URL\" data-id=\"https:\/\/flanca.si\/izdelek\/lovorikovec-genolia-mariblon\/\" href=\"https:\/\/flanca.si\/de\/izdelek\/lorbeer-genolia-hoehe-30-40-cm\/\" target=\"_blank\" rel=\"noreferrer noopener\">Genolia<\/a><\/strong>, <a data-type=\"URL\" data-id=\"https:\/\/flanca.si\/izdelek\/lovorikovec-kleopatra\/\" href=\"https:\/\/flanca.si\/de\/izdelek\/lorbeer-cleopatra-hoehe-20-30-cm\/\" target=\"_blank\" rel=\"noreferrer noopener\"><strong>Cleopatra<\/strong> <\/a>und die schmalbl\u00e4ttrige <strong><a data-type=\"URL\" data-id=\"https:\/\/flanca.si\/izdelek\/lovorikovec-ozkolistni-otto-luyken\/\" href=\"https:\/\/flanca.si\/de\/izdelek\/schmalblaettriger-lorbeer-otto-luyken-hoehe-40-50-cm\/\" target=\"_blank\" rel=\"noreferrer noopener\">Otto Luyken<\/a><\/strong>. <\/p>\n\n<p class=\"wp-block-paragraph\">Die am h\u00e4ufigsten f\u00fcr die Pflanzung von Hecken verwendete Sorte <strong><a href=\"https:\/\/flanca.si\/de\/izdelek\/lorbeer-novita-hoehe-50-60-cm\/\" data-type=\"URL\" data-id=\"https:\/\/flanca.si\/izdelek\/lovorikovec-novita\/\" target=\"_blank\" rel=\"noreferrer noopener\">Novita ist die Sorte Novita<\/a><\/strong>. Sie zeichnet sich durch einen schnellen und aufrechten Wuchs aus, so dass die Hecke schnell die gew\u00fcnschte H\u00f6he erreicht. <\/p>\n\n<p class=\"wp-block-paragraph\"><a href=\"https:\/\/flanca.si\/de\/izdelek\/lorbeer-genolia-hoehe-30-40-cm\/\" data-type=\"URL\" data-id=\"https:\/\/flanca.si\/izdelek\/lovorikovec-genolia-mariblon\/\" target=\"_blank\" rel=\"noreferrer noopener\"><strong>Genolia<\/strong> <\/a>ist eine Sorte, die kompakt und schmalw\u00fcchsig ist. Diese Eigenschaften tragen dazu bei, dass die Pflanzen nur einmal im Jahr beschnitten werden k\u00f6nnen. <\/p>\n\n<p class=\"wp-block-paragraph\"><a href=\"https:\/\/flanca.si\/de\/izdelek\/lorbeer-etna-hoehe-50-60-cm\/\" data-type=\"URL\" data-id=\"https:\/\/flanca.si\/izdelek\/lovorikovec-etna\/\" target=\"_blank\" rel=\"noreferrer noopener\"><strong>Etna<\/strong> <\/a>ist kompakt und w\u00e4chst langsamer. Er eignet sich hervorragend als Solit\u00e4r oder in niedrigeren Hecken. <\/p>\n\n<p class=\"wp-block-paragraph\"><a href=\"https:\/\/flanca.si\/de\/izdelek\/lorbeer-cleopatra-hoehe-20-30-cm\/\" data-type=\"URL\" data-id=\"https:\/\/flanca.si\/izdelek\/lovorikovec-kleopatra\/\" target=\"_blank\" rel=\"noreferrer noopener\"><strong>Cleopatra<\/strong> <\/a>ist ein mittelschnell wachsender Strauch, der sich auch f\u00fcr niedrigere Pflanzungen eignet. Bronzefarbene Triebe brechen die dunkelgr\u00fcne Farbe der erwachsenen Bl\u00e4tter. <\/p>\n\n<p class=\"wp-block-paragraph\">Wenn wir eine niedrig wachsende Hecke w\u00fcnschen, verwenden wir die Sorte<a href=\"https:\/\/flanca.si\/de\/izdelek\/schmalblaettriger-lorbeer-otto-luyken-hoehe-40-50-cm\/\" data-type=\"URL\" data-id=\"https:\/\/flanca.si\/izdelek\/lovorikovec-ozkolistni-otto-luyken\/\" target=\"_blank\" rel=\"noreferrer noopener\"> <strong>Otto Luyken<\/strong><\/a>, die eine H\u00f6he von bis zu 1,5 m erreicht. Die Sorte hat extrem dichtes, lanzettliches Laub. Sie w\u00e4chst langsamer. Sie entwickelt viele wei\u00dfe Bl\u00fcten, aus denen im Sp\u00e4tsommer schwarze Fr\u00fcchte reifen.   <\/p>\n\n<div class=\"wp-block-columns is-layout-flex wp-container-core-columns-is-layout-7387b849 wp-block-columns-is-layout-flex\">\n<div class=\"wp-block-column is-layout-flow wp-block-column-is-layout-flow\">\n<figure class=\"wp-block-image size-full\"><img loading=\"lazy\" decoding=\"async\" width=\"1000\" height=\"1000\" src=\"https:\/\/flanca.si\/wp-content\/uploads\/2022\/09\/ziva_meja_lovorikovec_novita.jpg\" alt=\"\" class=\"wp-image-7094\" srcset=\"https:\/\/flanca.si\/wp-content\/uploads\/2022\/09\/ziva_meja_lovorikovec_novita.jpg 1000w, https:\/\/flanca.si\/wp-content\/uploads\/2022\/09\/ziva_meja_lovorikovec_novita-300x300.jpg 300w, https:\/\/flanca.si\/wp-content\/uploads\/2022\/09\/ziva_meja_lovorikovec_novita-150x150.jpg 150w, https:\/\/flanca.si\/wp-content\/uploads\/2022\/09\/ziva_meja_lovorikovec_novita-768x768.jpg 768w, https:\/\/flanca.si\/wp-content\/uploads\/2022\/09\/ziva_meja_lovorikovec_novita-600x600.jpg 600w, https:\/\/flanca.si\/wp-content\/uploads\/2022\/09\/ziva_meja_lovorikovec_novita-100x100.jpg 100w\" sizes=\"(max-width: 1000px) 100vw, 1000px\" \/><figcaption class=\"wp-element-caption\">Hohe Hecke aus dem Lorbeer von Novita Quelle: www.verdi.ro<\/figcaption><\/figure>\n<\/div>\n\n\n\n<div class=\"wp-block-column is-layout-flow wp-block-column-is-layout-flow\">\n<figure class=\"wp-block-image size-large is-resized\"><img loading=\"lazy\" decoding=\"async\" width=\"1024\" height=\"902\" src=\"https:\/\/flanca.si\/wp-content\/uploads\/2022\/09\/prunus_otto_luyken-1024x902.jpg\" alt=\"\" class=\"wp-image-7095\" style=\"width:331px;height:291px\" srcset=\"https:\/\/flanca.si\/wp-content\/uploads\/2022\/09\/prunus_otto_luyken-1024x902.jpg 1024w, https:\/\/flanca.si\/wp-content\/uploads\/2022\/09\/prunus_otto_luyken-300x264.jpg 300w, https:\/\/flanca.si\/wp-content\/uploads\/2022\/09\/prunus_otto_luyken-768x676.jpg 768w, https:\/\/flanca.si\/wp-content\/uploads\/2022\/09\/prunus_otto_luyken-1536x1352.jpg 1536w, https:\/\/flanca.si\/wp-content\/uploads\/2022\/09\/prunus_otto_luyken-2048x1803.jpg 2048w, https:\/\/flanca.si\/wp-content\/uploads\/2022\/09\/prunus_otto_luyken-600x528.jpg 600w, https:\/\/flanca.si\/wp-content\/uploads\/2022\/09\/prunus_otto_luyken-scaled.jpg 1920w\" sizes=\"(max-width: 1024px) 100vw, 1024px\" \/><figcaption class=\"wp-element-caption\">Au\u00dfergew\u00f6hnlich bl\u00fchender Lorbeerstrauch Otto Luyken Quelle: www.thespruce.com<\/figcaption><\/figure>\n<\/div>\n\n\n\n<div class=\"wp-block-column is-layout-flow wp-block-column-is-layout-flow\">\n<figure class=\"wp-block-image size-large\"><img loading=\"lazy\" decoding=\"async\" width=\"1024\" height=\"1001\" src=\"https:\/\/flanca.si\/wp-content\/uploads\/2022\/09\/lovorikovec_etna_poganjki-1024x1001.jpg\" alt=\"\" class=\"wp-image-7097\" srcset=\"https:\/\/flanca.si\/wp-content\/uploads\/2022\/09\/lovorikovec_etna_poganjki-1024x1001.jpg 1024w, https:\/\/flanca.si\/wp-content\/uploads\/2022\/09\/lovorikovec_etna_poganjki-300x293.jpg 300w, https:\/\/flanca.si\/wp-content\/uploads\/2022\/09\/lovorikovec_etna_poganjki-768x751.jpg 768w, https:\/\/flanca.si\/wp-content\/uploads\/2022\/09\/lovorikovec_etna_poganjki-600x587.jpg 600w, https:\/\/flanca.si\/wp-content\/uploads\/2022\/09\/lovorikovec_etna_poganjki.jpg 1254w\" sizes=\"(max-width: 1024px) 100vw, 1024px\" \/><figcaption class=\"wp-element-caption\">Bronzetriebe sind bei den Sorten \u00c4tna und Kleopatra vorhanden Quelle: www.mein-schoener-garten.de<\/figcaption><\/figure>\n<\/div>\n<\/div>\n","protected":false},"excerpt":{"rendered":"<p>Heckenpflanzen, oder kurz &#8222;Hecken&#8220;, sind eine beliebte L\u00f6sung zum nat\u00fcrlichen Schutz vor L\u00e4rm, Umweltverschmutzung und zur Gew\u00e4hrleistung der Privatsph\u00e4re in unserem Garten. Das Gr\u00fcn in der h\u00e4uslichen Umgebung wirkt beruhigend auf uns. Hecken k\u00f6nnen hoch, niedrig, geschoren, freiwachsend, bl\u00fchend, sommergr\u00fcn, immergr\u00fcn usw. sein. Die Hecke sollte ordentlich sein, genau richtig [&hellip;]<\/p>\n","protected":false},"author":1,"featured_media":13433,"comment_status":"closed","ping_status":"open","sticky":false,"template":"","format":"standard","meta":{"site-sidebar-layout":"default","site-content-layout":"","ast-site-content-layout":"default","site-content-style":"default","site-sidebar-style":"default","ast-global-header-display":"","ast-banner-title-visibility":"","ast-main-header-display":"","ast-hfb-above-header-display":"","ast-hfb-below-header-display":"","ast-hfb-mobile-header-display":"","site-post-title":"","ast-breadcrumbs-content":"","ast-featured-img":"","footer-sml-layout":"","ast-disable-related-posts":"","theme-transparent-header-meta":"","adv-header-id-meta":"","stick-header-meta":"","header-above-stick-meta":"","header-main-stick-meta":"","header-below-stick-meta":"","astra-migrate-meta-layouts":"default","ast-page-background-enabled":"default","ast-page-background-meta":{"desktop":{"background-color":"","background-image":"","background-repeat":"repeat","background-position":"center center","background-size":"auto","background-attachment":"scroll","background-type":"","background-media":"","overlay-type":"","overlay-color":"","overlay-opacity":"","overlay-gradient":""},"tablet":{"background-color":"","background-image":"","background-repeat":"repeat","background-position":"center center","background-size":"auto","background-attachment":"scroll","background-type":"","background-media":"","overlay-type":"","overlay-color":"","overlay-opacity":"","overlay-gradient":""},"mobile":{"background-color":"","background-image":"","background-repeat":"repeat","background-position":"center center","background-size":"auto","background-attachment":"scroll","background-type":"","background-media":"","overlay-type":"","overlay-color":"","overlay-opacity":"","overlay-gradient":""}},"ast-content-background-meta":{"desktop":{"background-color":"var(--ast-global-color-5)","background-image":"","background-repeat":"repeat","background-position":"center center","background-size":"auto","background-attachment":"scroll","background-type":"","background-media":"","overlay-type":"","overlay-color":"","overlay-opacity":"","overlay-gradient":""},"tablet":{"background-color":"var(--ast-global-color-5)","background-image":"","background-repeat":"repeat","background-position":"center center","background-size":"auto","background-attachment":"scroll","background-type":"","background-media":"","overlay-type":"","overlay-color":"","overlay-opacity":"","overlay-gradient":""},"mobile":{"background-color":"var(--ast-global-color-5)","background-image":"","background-repeat":"repeat","background-position":"center center","background-size":"auto","background-attachment":"scroll","background-type":"","background-media":"","overlay-type":"","overlay-color":"","overlay-opacity":"","overlay-gradient":""}},"footnotes":""},"categories":[897],"tags":[890,889,891],"class_list":["post-14790","post","type-post","status-publish","format-standard","has-post-thumbnail","hentry","category-garten","tag-hecke","tag-landschaftsbau","tag-lorbeeren"],"aioseo_notices":[],"aioseo_head":"\n\t\t<!-- All in One SEO 5.0.1.1 - aioseo.com -->\n\t<meta name=\"description\" content=\"Heckenpflanzen, oder kurz &quot;Hecken&quot;, sind eine beliebte L\u00f6sung zum nat\u00fcrlichen Schutz vor L\u00e4rm, Umweltverschmutzung und zur Gew\u00e4hrleistung der Privatsph\u00e4re in unserem Garten. Das Gr\u00fcn in der h\u00e4uslichen Umgebung wirkt beruhigend auf uns. Hecken k\u00f6nnen hoch, niedrig, geschoren, freiwachsend, bl\u00fchend, sommergr\u00fcn, immergr\u00fcn usw. sein. Die Hecke sollte ordentlich sein, genau richtig dicht und hoch. Wichtig ist,\" \/>\n\t<meta name=\"robots\" content=\"max-image-preview:large\" \/>\n\t<meta name=\"author\" content=\"robi\"\/>\n\t<meta name=\"google-site-verification\" content=\"1sO6GOIbhijVyOhvBZZbOsEVADo4T9w2a7D2KDR6zVI\" \/>\n\t<link rel=\"canonical\" href=\"https:\/\/flanca.si\/de\/heckenpflanzen\/\" \/>\n\t<meta name=\"generator\" content=\"All in One SEO (AIOSEO) 5.0.1.1\" \/>\n\t\t<meta property=\"og:locale\" content=\"de_DE\" \/>\n\t\t<meta property=\"og:site_name\" content=\"vrtne sadike FLANCA \u2013 Prodaja vrtnih sadik in ostale opreme\" \/>\n\t\t<meta property=\"og:type\" content=\"article\" \/>\n\t\t<meta property=\"og:title\" content=\"Heckenpflanzen \u2013 vrtne sadike FLANCA\" \/>\n\t\t<meta property=\"og:description\" content=\"Heckenpflanzen, oder kurz &quot;Hecken&quot;, sind eine beliebte L\u00f6sung zum nat\u00fcrlichen Schutz vor L\u00e4rm, Umweltverschmutzung und zur Gew\u00e4hrleistung der Privatsph\u00e4re in unserem Garten. Das Gr\u00fcn in der h\u00e4uslichen Umgebung wirkt beruhigend auf uns. Hecken k\u00f6nnen hoch, niedrig, geschoren, freiwachsend, bl\u00fchend, sommergr\u00fcn, immergr\u00fcn usw. sein. Die Hecke sollte ordentlich sein, genau richtig dicht und hoch. Wichtig ist,\" \/>\n\t\t<meta property=\"og:url\" content=\"https:\/\/flanca.si\/de\/heckenpflanzen\/\" \/>\n\t\t<meta property=\"og:image\" content=\"https:\/\/flanca.si\/wp-content\/uploads\/2019\/11\/spletna-trgovina-s-sadikami-flanca.png\" \/>\n\t\t<meta property=\"og:image:secure_url\" content=\"https:\/\/flanca.si\/wp-content\/uploads\/2019\/11\/spletna-trgovina-s-sadikami-flanca.png\" \/>\n\t\t<meta property=\"article:published_time\" content=\"2022-09-29T04:13:10+00:00\" \/>\n\t\t<meta property=\"article:modified_time\" content=\"2025-01-07T17:14:42+00:00\" \/>\n\t\t<meta name=\"twitter:card\" content=\"summary_large_image\" \/>\n\t\t<meta name=\"twitter:title\" content=\"Heckenpflanzen \u2013 vrtne sadike FLANCA\" \/>\n\t\t<meta name=\"twitter:description\" content=\"Heckenpflanzen, oder kurz &quot;Hecken&quot;, sind eine beliebte L\u00f6sung zum nat\u00fcrlichen Schutz vor L\u00e4rm, Umweltverschmutzung und zur Gew\u00e4hrleistung der Privatsph\u00e4re in unserem Garten. Das Gr\u00fcn in der h\u00e4uslichen Umgebung wirkt beruhigend auf uns. Hecken k\u00f6nnen hoch, niedrig, geschoren, freiwachsend, bl\u00fchend, sommergr\u00fcn, immergr\u00fcn usw. sein. Die Hecke sollte ordentlich sein, genau richtig dicht und hoch. Wichtig ist,\" \/>\n\t\t<meta name=\"twitter:image\" content=\"https:\/\/flanca.si\/wp-content\/uploads\/2019\/11\/spletna-trgovina-s-sadikami-flanca.png\" \/>\n\t\t<script type=\"application\/ld+json\" class=\"aioseo-schema\">\n\t\t\t{\"@context\":\"https:\\\/\\\/schema.org\",\"@graph\":[{\"@type\":\"BlogPosting\",\"@id\":\"https:\\\/\\\/flanca.si\\\/de\\\/heckenpflanzen\\\/#blogposting\",\"name\":\"Heckenpflanzen \\u2013 vrtne sadike FLANCA\",\"headline\":\"Heckenpflanzen\",\"author\":{\"@id\":\"https:\\\/\\\/flanca.si\\\/de\\\/author\\\/robi\\\/#author\"},\"publisher\":{\"@id\":\"https:\\\/\\\/flanca.si\\\/de\\\/#organization\"},\"image\":{\"@type\":\"ImageObject\",\"url\":\"https:\\\/\\\/flanca.si\\\/wp-content\\\/uploads\\\/2022\\\/09\\\/blog_naslovnica_fotinija.jpg\",\"width\":1501,\"height\":484},\"datePublished\":\"2022-09-29T06:13:10+02:00\",\"dateModified\":\"2025-01-07T18:14:42+01:00\",\"inLanguage\":\"de-DE\",\"mainEntityOfPage\":{\"@id\":\"https:\\\/\\\/flanca.si\\\/de\\\/heckenpflanzen\\\/#webpage\"},\"isPartOf\":{\"@id\":\"https:\\\/\\\/flanca.si\\\/de\\\/heckenpflanzen\\\/#webpage\"},\"articleSection\":\"Garten, Hecke, Landschaftsbau, Lorbeeren, Optional\"},{\"@type\":\"BreadcrumbList\",\"@id\":\"https:\\\/\\\/flanca.si\\\/de\\\/heckenpflanzen\\\/#breadcrumblist\",\"itemListElement\":[{\"@type\":\"ListItem\",\"@id\":\"https:\\\/\\\/flanca.si\\\/de\\\/#listItem\",\"position\":1,\"name\":\"Domov\",\"item\":\"https:\\\/\\\/flanca.si\\\/de\\\/\",\"nextItem\":{\"@type\":\"ListItem\",\"@id\":\"https:\\\/\\\/flanca.si\\\/de\\\/category\\\/garten\\\/#listItem\",\"name\":\"Garten\"}},{\"@type\":\"ListItem\",\"@id\":\"https:\\\/\\\/flanca.si\\\/de\\\/category\\\/garten\\\/#listItem\",\"position\":2,\"name\":\"Garten\",\"item\":\"https:\\\/\\\/flanca.si\\\/de\\\/category\\\/garten\\\/\",\"nextItem\":{\"@type\":\"ListItem\",\"@id\":\"https:\\\/\\\/flanca.si\\\/de\\\/heckenpflanzen\\\/#listItem\",\"name\":\"Heckenpflanzen\"},\"previousItem\":{\"@type\":\"ListItem\",\"@id\":\"https:\\\/\\\/flanca.si\\\/de\\\/#listItem\",\"name\":\"Domov\"}},{\"@type\":\"ListItem\",\"@id\":\"https:\\\/\\\/flanca.si\\\/de\\\/heckenpflanzen\\\/#listItem\",\"position\":3,\"name\":\"Heckenpflanzen\",\"previousItem\":{\"@type\":\"ListItem\",\"@id\":\"https:\\\/\\\/flanca.si\\\/de\\\/category\\\/garten\\\/#listItem\",\"name\":\"Garten\"}}]},{\"@type\":\"Organization\",\"@id\":\"https:\\\/\\\/flanca.si\\\/de\\\/#organization\",\"name\":\"vrtne sadike FLANCA\",\"description\":\"Prodaja vrtnih sadik in ostale opreme\",\"url\":\"https:\\\/\\\/flanca.si\\\/de\\\/\",\"logo\":{\"@type\":\"ImageObject\",\"url\":\"https:\\\/\\\/flanca.si\\\/wp-content\\\/uploads\\\/2019\\\/11\\\/spletna-trgovina-s-sadikami-flanca.png\",\"@id\":\"https:\\\/\\\/flanca.si\\\/de\\\/heckenpflanzen\\\/#organizationLogo\",\"width\":151,\"height\":50,\"caption\":\"spletna trgovina s sadikami FLANCA\"},\"image\":{\"@id\":\"https:\\\/\\\/flanca.si\\\/de\\\/heckenpflanzen\\\/#organizationLogo\"}},{\"@type\":\"Person\",\"@id\":\"https:\\\/\\\/flanca.si\\\/de\\\/author\\\/robi\\\/#author\",\"url\":\"https:\\\/\\\/flanca.si\\\/de\\\/author\\\/robi\\\/\",\"name\":\"robi\",\"image\":{\"@type\":\"ImageObject\",\"@id\":\"https:\\\/\\\/flanca.si\\\/de\\\/heckenpflanzen\\\/#authorImage\",\"url\":\"https:\\\/\\\/flanca.si\\\/wp-content\\\/litespeed\\\/avatar\\\/6bf86adb2d4bba9dff462b185a775010.jpg?ver=1788152211\",\"width\":96,\"height\":96,\"caption\":\"robi\"}},{\"@type\":\"WebPage\",\"@id\":\"https:\\\/\\\/flanca.si\\\/de\\\/heckenpflanzen\\\/#webpage\",\"url\":\"https:\\\/\\\/flanca.si\\\/de\\\/heckenpflanzen\\\/\",\"name\":\"Heckenpflanzen \\u2013 vrtne sadike FLANCA\",\"description\":\"Heckenpflanzen, oder kurz \\\"Hecken\\\", sind eine beliebte L\\u00f6sung zum nat\\u00fcrlichen Schutz vor L\\u00e4rm, Umweltverschmutzung und zur Gew\\u00e4hrleistung der Privatsph\\u00e4re in unserem Garten. Das Gr\\u00fcn in der h\\u00e4uslichen Umgebung wirkt beruhigend auf uns. Hecken k\\u00f6nnen hoch, niedrig, geschoren, freiwachsend, bl\\u00fchend, sommergr\\u00fcn, immergr\\u00fcn usw. sein. Die Hecke sollte ordentlich sein, genau richtig dicht und hoch. Wichtig ist,\",\"inLanguage\":\"de-DE\",\"isPartOf\":{\"@id\":\"https:\\\/\\\/flanca.si\\\/de\\\/#website\"},\"breadcrumb\":{\"@id\":\"https:\\\/\\\/flanca.si\\\/de\\\/heckenpflanzen\\\/#breadcrumblist\"},\"author\":{\"@id\":\"https:\\\/\\\/flanca.si\\\/de\\\/author\\\/robi\\\/#author\"},\"creator\":{\"@id\":\"https:\\\/\\\/flanca.si\\\/de\\\/author\\\/robi\\\/#author\"},\"image\":{\"@type\":\"ImageObject\",\"url\":\"https:\\\/\\\/flanca.si\\\/wp-content\\\/uploads\\\/2022\\\/09\\\/blog_naslovnica_fotinija.jpg\",\"@id\":\"https:\\\/\\\/flanca.si\\\/de\\\/heckenpflanzen\\\/#mainImage\",\"width\":1501,\"height\":484},\"primaryImageOfPage\":{\"@id\":\"https:\\\/\\\/flanca.si\\\/de\\\/heckenpflanzen\\\/#mainImage\"},\"datePublished\":\"2022-09-29T06:13:10+02:00\",\"dateModified\":\"2025-01-07T18:14:42+01:00\"},{\"@type\":\"WebSite\",\"@id\":\"https:\\\/\\\/flanca.si\\\/de\\\/#website\",\"url\":\"https:\\\/\\\/flanca.si\\\/de\\\/\",\"name\":\"vrtne sadike FLANCA\",\"description\":\"Prodaja vrtnih sadik in ostale opreme\",\"inLanguage\":\"de-DE\",\"publisher\":{\"@id\":\"https:\\\/\\\/flanca.si\\\/de\\\/#organization\"}}]}\n\t\t<\/script>\n\t\t<!-- All in One SEO -->\n\n","aioseo_head_json":{"title":"Heckenpflanzen \u2013 vrtne sadike FLANCA","description":"Heckenpflanzen, oder kurz \"Hecken\", sind eine beliebte L\u00f6sung zum nat\u00fcrlichen Schutz vor L\u00e4rm, Umweltverschmutzung und zur Gew\u00e4hrleistung der Privatsph\u00e4re in unserem Garten. Das Gr\u00fcn in der h\u00e4uslichen Umgebung wirkt beruhigend auf uns. Hecken k\u00f6nnen hoch, niedrig, geschoren, freiwachsend, bl\u00fchend, sommergr\u00fcn, immergr\u00fcn usw. sein. Die Hecke sollte ordentlich sein, genau richtig dicht und hoch. Wichtig ist,","canonical_url":"https:\/\/flanca.si\/de\/heckenpflanzen\/","robots":"max-image-preview:large","keywords":"","webmasterTools":{"google-site-verification":"1sO6GOIbhijVyOhvBZZbOsEVADo4T9w2a7D2KDR6zVI","miscellaneous":""},"schema":{"@context":"https:\/\/schema.org","@graph":[{"@type":"BlogPosting","@id":"https:\/\/flanca.si\/de\/heckenpflanzen\/#blogposting","name":"Heckenpflanzen \u2013 vrtne sadike FLANCA","headline":"Heckenpflanzen","author":{"@id":"https:\/\/flanca.si\/de\/author\/robi\/#author"},"publisher":{"@id":"https:\/\/flanca.si\/de\/#organization"},"image":{"@type":"ImageObject","url":"https:\/\/flanca.si\/wp-content\/uploads\/2022\/09\/blog_naslovnica_fotinija.jpg","width":1501,"height":484},"datePublished":"2022-09-29T06:13:10+02:00","dateModified":"2025-01-07T18:14:42+01:00","inLanguage":"de-DE","mainEntityOfPage":{"@id":"https:\/\/flanca.si\/de\/heckenpflanzen\/#webpage"},"isPartOf":{"@id":"https:\/\/flanca.si\/de\/heckenpflanzen\/#webpage"},"articleSection":"Garten, Hecke, Landschaftsbau, Lorbeeren, Optional"},{"@type":"BreadcrumbList","@id":"https:\/\/flanca.si\/de\/heckenpflanzen\/#breadcrumblist","itemListElement":[{"@type":"ListItem","@id":"https:\/\/flanca.si\/de\/#listItem","position":1,"name":"Domov","item":"https:\/\/flanca.si\/de\/","nextItem":{"@type":"ListItem","@id":"https:\/\/flanca.si\/de\/category\/garten\/#listItem","name":"Garten"}},{"@type":"ListItem","@id":"https:\/\/flanca.si\/de\/category\/garten\/#listItem","position":2,"name":"Garten","item":"https:\/\/flanca.si\/de\/category\/garten\/","nextItem":{"@type":"ListItem","@id":"https:\/\/flanca.si\/de\/heckenpflanzen\/#listItem","name":"Heckenpflanzen"},"previousItem":{"@type":"ListItem","@id":"https:\/\/flanca.si\/de\/#listItem","name":"Domov"}},{"@type":"ListItem","@id":"https:\/\/flanca.si\/de\/heckenpflanzen\/#listItem","position":3,"name":"Heckenpflanzen","previousItem":{"@type":"ListItem","@id":"https:\/\/flanca.si\/de\/category\/garten\/#listItem","name":"Garten"}}]},{"@type":"Organization","@id":"https:\/\/flanca.si\/de\/#organization","name":"vrtne sadike FLANCA","description":"Prodaja vrtnih sadik in ostale opreme","url":"https:\/\/flanca.si\/de\/","logo":{"@type":"ImageObject","url":"https:\/\/flanca.si\/wp-content\/uploads\/2019\/11\/spletna-trgovina-s-sadikami-flanca.png","@id":"https:\/\/flanca.si\/de\/heckenpflanzen\/#organizationLogo","width":151,"height":50,"caption":"spletna trgovina s sadikami FLANCA"},"image":{"@id":"https:\/\/flanca.si\/de\/heckenpflanzen\/#organizationLogo"}},{"@type":"Person","@id":"https:\/\/flanca.si\/de\/author\/robi\/#author","url":"https:\/\/flanca.si\/de\/author\/robi\/","name":"robi","image":{"@type":"ImageObject","@id":"https:\/\/flanca.si\/de\/heckenpflanzen\/#authorImage","url":"https:\/\/flanca.si\/wp-content\/litespeed\/avatar\/6bf86adb2d4bba9dff462b185a775010.jpg?ver=1788152211","width":96,"height":96,"caption":"robi"}},{"@type":"WebPage","@id":"https:\/\/flanca.si\/de\/heckenpflanzen\/#webpage","url":"https:\/\/flanca.si\/de\/heckenpflanzen\/","name":"Heckenpflanzen \u2013 vrtne sadike FLANCA","description":"Heckenpflanzen, oder kurz \"Hecken\", sind eine beliebte L\u00f6sung zum nat\u00fcrlichen Schutz vor L\u00e4rm, Umweltverschmutzung und zur Gew\u00e4hrleistung der Privatsph\u00e4re in unserem Garten. Das Gr\u00fcn in der h\u00e4uslichen Umgebung wirkt beruhigend auf uns. Hecken k\u00f6nnen hoch, niedrig, geschoren, freiwachsend, bl\u00fchend, sommergr\u00fcn, immergr\u00fcn usw. sein. Die Hecke sollte ordentlich sein, genau richtig dicht und hoch. Wichtig ist,","inLanguage":"de-DE","isPartOf":{"@id":"https:\/\/flanca.si\/de\/#website"},"breadcrumb":{"@id":"https:\/\/flanca.si\/de\/heckenpflanzen\/#breadcrumblist"},"author":{"@id":"https:\/\/flanca.si\/de\/author\/robi\/#author"},"creator":{"@id":"https:\/\/flanca.si\/de\/author\/robi\/#author"},"image":{"@type":"ImageObject","url":"https:\/\/flanca.si\/wp-content\/uploads\/2022\/09\/blog_naslovnica_fotinija.jpg","@id":"https:\/\/flanca.si\/de\/heckenpflanzen\/#mainImage","width":1501,"height":484},"primaryImageOfPage":{"@id":"https:\/\/flanca.si\/de\/heckenpflanzen\/#mainImage"},"datePublished":"2022-09-29T06:13:10+02:00","dateModified":"2025-01-07T18:14:42+01:00"},{"@type":"WebSite","@id":"https:\/\/flanca.si\/de\/#website","url":"https:\/\/flanca.si\/de\/","name":"vrtne sadike FLANCA","description":"Prodaja vrtnih sadik in ostale opreme","inLanguage":"de-DE","publisher":{"@id":"https:\/\/flanca.si\/de\/#organization"}}]},"og:locale":"de_DE","og:site_name":"vrtne sadike FLANCA \u2013 Prodaja vrtnih sadik in ostale opreme","og:type":"article","og:title":"Heckenpflanzen \u2013 vrtne sadike FLANCA","og:description":"Heckenpflanzen, oder kurz &quot;Hecken&quot;, sind eine beliebte L\u00f6sung zum nat\u00fcrlichen Schutz vor L\u00e4rm, Umweltverschmutzung und zur Gew\u00e4hrleistung der Privatsph\u00e4re in unserem Garten. Das Gr\u00fcn in der h\u00e4uslichen Umgebung wirkt beruhigend auf uns. Hecken k\u00f6nnen hoch, niedrig, geschoren, freiwachsend, bl\u00fchend, sommergr\u00fcn, immergr\u00fcn usw. sein. Die Hecke sollte ordentlich sein, genau richtig dicht und hoch. Wichtig ist,","og:url":"https:\/\/flanca.si\/de\/heckenpflanzen\/","og:image":"https:\/\/flanca.si\/wp-content\/uploads\/2019\/11\/spletna-trgovina-s-sadikami-flanca.png","og:image:secure_url":"https:\/\/flanca.si\/wp-content\/uploads\/2019\/11\/spletna-trgovina-s-sadikami-flanca.png","article:published_time":"2022-09-29T04:13:10+00:00","article:modified_time":"2025-01-07T17:14:42+00:00","twitter:card":"summary_large_image","twitter:title":"Heckenpflanzen \u2013 vrtne sadike FLANCA","twitter:description":"Heckenpflanzen, oder kurz &quot;Hecken&quot;, sind eine beliebte L\u00f6sung zum nat\u00fcrlichen Schutz vor L\u00e4rm, Umweltverschmutzung und zur Gew\u00e4hrleistung der Privatsph\u00e4re in unserem Garten. Das Gr\u00fcn in der h\u00e4uslichen Umgebung wirkt beruhigend auf uns. Hecken k\u00f6nnen hoch, niedrig, geschoren, freiwachsend, bl\u00fchend, sommergr\u00fcn, immergr\u00fcn usw. sein. Die Hecke sollte ordentlich sein, genau richtig dicht und hoch. Wichtig ist,","twitter:image":"https:\/\/flanca.si\/wp-content\/uploads\/2019\/11\/spletna-trgovina-s-sadikami-flanca.png"},"aioseo_meta_data":{"post_id":"14790","title":null,"description":null,"keywords":[],"keyphrases":{"focus":{"keyphrase":"","score":0,"analysis":{"keyphraseInTitle":{"score":0,"maxScore":9,"error":1}}},"additional":[]},"primary_term":null,"canonical_url":null,"og_title":null,"og_description":null,"og_object_type":"default","og_image_type":"default","og_image_url":null,"og_image_width":null,"og_image_height":null,"og_image_custom_url":null,"og_image_custom_fields":null,"og_video":"","og_custom_url":null,"og_article_section":null,"og_article_tags":[],"twitter_use_og":false,"twitter_card":"default","twitter_image_type":"default","twitter_image_url":null,"twitter_image_custom_url":null,"twitter_image_custom_fields":null,"twitter_title":null,"twitter_description":null,"schema":{"blockGraphs":[],"customGraphs":[],"default":{"data":{"Article":[],"Course":[],"Dataset":[],"FAQPage":[],"Movie":[],"Person":[],"Product":[],"ProductReview":[],"Car":[],"Recipe":[],"Service":[],"SoftwareApplication":[],"WebPage":[]},"graphName":"BlogPosting","isEnabled":true},"graphs":[]},"schema_type":"default","schema_type_options":null,"pillar_content":false,"robots_default":true,"robots_noindex":false,"robots_noarchive":false,"robots_nosnippet":false,"robots_nofollow":false,"robots_noimageindex":false,"robots_noodp":false,"robots_notranslate":false,"robots_max_snippet":"-1","robots_max_videopreview":"-1","robots_max_imagepreview":"large","priority":null,"frequency":"default","local_seo":null,"breadcrumb_settings":null,"limit_modified_date":false,"ai":null,"created":"2025-01-07 17:14:41","updated":"2025-06-07 04:58:15","seo_analyzer_scan_date":null,"focus_keyword":null,"additional_keywords":null,"truseo_locale":null},"aioseo_breadcrumb":"<div class=\"aioseo-breadcrumbs\"><span class=\"aioseo-breadcrumb\">\n\t\t\t<a href=\"https:\/\/flanca.si\/de\/\" title=\"Domov\">Domov<\/a>\n\t\t<\/span><span class=\"aioseo-breadcrumb-separator\">\u00bb<\/span><span class=\"aioseo-breadcrumb\">\n\t\t\t<a href=\"https:\/\/flanca.si\/de\/category\/garten\/\" title=\"Garten\">Garten<\/a>\n\t\t<\/span><span class=\"aioseo-breadcrumb-separator\">\u00bb<\/span><span class=\"aioseo-breadcrumb\">\n\t\t\tHeckenpflanzen\n\t\t<\/span><\/div>","aioseo_breadcrumb_json":[{"label":"Domov","link":"https:\/\/flanca.si\/de\/"},{"label":"Garten","link":"https:\/\/flanca.si\/de\/category\/garten\/"},{"label":"Heckenpflanzen","link":"https:\/\/flanca.si\/de\/heckenpflanzen\/"}],"_links":{"self":[{"href":"https:\/\/flanca.si\/de\/wp-json\/wp\/v2\/posts\/14790","targetHints":{"allow":["GET"]}}],"collection":[{"href":"https:\/\/flanca.si\/de\/wp-json\/wp\/v2\/posts"}],"about":[{"href":"https:\/\/flanca.si\/de\/wp-json\/wp\/v2\/types\/post"}],"author":[{"embeddable":true,"href":"https:\/\/flanca.si\/de\/wp-json\/wp\/v2\/users\/1"}],"replies":[{"embeddable":true,"href":"https:\/\/flanca.si\/de\/wp-json\/wp\/v2\/comments?post=14790"}],"version-history":[{"count":0,"href":"https:\/\/flanca.si\/de\/wp-json\/wp\/v2\/posts\/14790\/revisions"}],"wp:featuredmedia":[{"embeddable":true,"href":"https:\/\/flanca.si\/de\/wp-json\/wp\/v2\/media\/13433"}],"wp:attachment":[{"href":"https:\/\/flanca.si\/de\/wp-json\/wp\/v2\/media?parent=14790"}],"wp:term":[{"taxonomy":"category","embeddable":true,"href":"https:\/\/flanca.si\/de\/wp-json\/wp\/v2\/categories?post=14790"},{"taxonomy":"post_tag","embeddable":true,"href":"https:\/\/flanca.si\/de\/wp-json\/wp\/v2\/tags?post=14790"}],"curies":[{"name":"wp","href":"https:\/\/api.w.org\/{rel}","templated":true}]}}